{"id":1873,"date":"2025-08-18T11:24:45","date_gmt":"2025-08-18T09:24:45","guid":{"rendered":"https:\/\/ildelitto.it\/it\/?p=1873"},"modified":"2025-08-18T11:24:45","modified_gmt":"2025-08-18T09:24:45","slug":"scandalo-a-barcellona-fascia-di-capitano-tolta-a-ter-stegen","status":"publish","type":"post","link":"https:\/\/ildelitto.it\/it\/scandalo-a-barcellona-fascia-di-capitano-tolta-a-ter-stegen\/","title":{"rendered":"Scandalo a Barcellona: Fascia di capitano tolta a Ter Stegen"},"content":{"rendered":"<div id=\"ez-toc-container\" class=\"ez-toc-v2_0_76 counter-hierarchy ez-toc-counter ez-toc-grey ez-toc-container-direction\">\n<div class=\"ez-toc-title-container\">\n<p class=\"ez-toc-title\" style=\"cursor:inherit\">Contenuto della pagina<\/p>\n<span class=\"ez-toc-title-toggle\"><a href=\"#\" class=\"ez-toc-pull-right ez-toc-btn ez-toc-btn-xs ez-toc-btn-default ez-toc-toggle\" aria-label=\"Toggle Table of Content\"><span class=\"ez-toc-js-icon-con\"><span class=\"\"><span class=\"eztoc-hide\" style=\"display:none;\">Toggle<\/span><span class=\"ez-toc-icon-toggle-span\"><svg style=\"fill: #999;color:#999\" xmlns=\"http:\/\/www.w3.org\/2000\/svg\" class=\"list-377408\" width=\"20px\" height=\"20px\" viewBox=\"0 0 24 24\" fill=\"none\"><path d=\"M6 6H4v2h2V6zm14 0H8v2h12V6zM4 11h2v2H4v-2zm16 0H8v2h12v-2zM4 16h2v2H4v-2zm16 0H8v2h12v-2z\" fill=\"currentColor\"><\/path><\/svg><svg style=\"fill: #999;color:#999\" class=\"arrow-unsorted-368013\" xmlns=\"http:\/\/www.w3.org\/2000\/svg\" width=\"10px\" height=\"10px\" viewBox=\"0 0 24 24\" version=\"1.2\" baseProfile=\"tiny\"><path d=\"M18.2 9.3l-6.2-6.3-6.2 6.3c-.2.2-.3.4-.3.7s.1.5.3.7c.2.2.4.3.7.3h11c.3 0 .5-.1.7-.3.2-.2.3-.5.3-.7s-.1-.5-.3-.7zM5.8 14.7l6.2 6.3 6.2-6.3c.2-.2.3-.5.3-.7s-.1-.5-.3-.7c-.2-.2-.4-.3-.7-.3h-11c-.3 0-.5.1-.7.3-.2.2-.3.5-.3.7s.1.5.3.7z\"\/><\/svg><\/span><\/span><\/span><\/a><\/span><\/div>\n<nav><ul class='ez-toc-list ez-toc-list-level-1 ' ><li class='ez-toc-page-1 ez-toc-heading-level-1'><a class=\"ez-toc-link ez-toc-heading-1\" href=\"https:\/\/ildelitto.it\/it\/scandalo-a-barcellona-fascia-di-capitano-tolta-a-ter-stegen\/#Barcellona_nel_caos_Ter_Stegen_perde_la_fascia_di_capitano_per_una_questione_medica\" >Barcellona nel caos: Ter Stegen perde la fascia di capitano per una questione medica<\/a><ul class='ez-toc-list-level-2' ><li class='ez-toc-heading-level-2'><a class=\"ez-toc-link ez-toc-heading-2\" href=\"https:\/\/ildelitto.it\/it\/scandalo-a-barcellona-fascia-di-capitano-tolta-a-ter-stegen\/#Il_caso_che_divide_il_Camp_Nou_quando_la_medicina_incontra_la_politica_sportiva\" >Il caso che divide il Camp Nou: quando la medicina incontra la politica sportiva<\/a><\/li><li class='ez-toc-page-1 ez-toc-heading-level-2'><a class=\"ez-toc-link ez-toc-heading-3\" href=\"https:\/\/ildelitto.it\/it\/scandalo-a-barcellona-fascia-di-capitano-tolta-a-ter-stegen\/#Fair_play_finanziario_e_strategie_di_mercato_il_vero_nodo_della_questione\" >Fair play finanziario e strategie di mercato: il vero nodo della questione<\/a><\/li><li class='ez-toc-page-1 ez-toc-heading-level-2'><a class=\"ez-toc-link ez-toc-heading-4\" href=\"https:\/\/ildelitto.it\/it\/scandalo-a-barcellona-fascia-di-capitano-tolta-a-ter-stegen\/#Ronald_Araujo_il_nuovo_capitano_in_un_momento_delicato\" >Ronald Araujo: il nuovo capitano in un momento delicato<\/a><\/li><li class='ez-toc-page-1 ez-toc-heading-level-2'><a class=\"ez-toc-link ez-toc-heading-5\" href=\"https:\/\/ildelitto.it\/it\/scandalo-a-barcellona-fascia-di-capitano-tolta-a-ter-stegen\/#Prospettive_future_tra_diplomazia_sportiva_e_decisioni_definitive\" >Prospettive future: tra diplomazia sportiva e decisioni definitive<\/a><\/li><\/ul><\/li><\/ul><\/nav><\/div>\n<h1 id=\"barcellonanelcaosterstegenperdelafasciadicapitanoperunaquestionemedica\"><span class=\"ez-toc-section\" id=\"Barcellona_nel_caos_Ter_Stegen_perde_la_fascia_di_capitano_per_una_questione_medica\"><\/span>Barcellona nel caos: Ter Stegen perde la fascia di capitano per una questione medica<span class=\"ez-toc-section-end\"><\/span><\/h1>\n<p>Il mondo del calcio catalano \u00e8 scosso da una decisione senza precedenti che getta ombre sul rapporto tra il club blaugrana e uno dei suoi pilastri. Una controversia medica si trasforma in una crisi istituzionale che potrebbe ridefinire le gerarchie interne della squadra.<\/p>\n<h2 id=\"ilcasochedivideilcampnouquandolamedicinaincontralapoliticasportiva\"><span class=\"ez-toc-section\" id=\"Il_caso_che_divide_il_Camp_Nou_quando_la_medicina_incontra_la_politica_sportiva\"><\/span>Il caso che divide il Camp Nou: quando la medicina incontra la politica sportiva<span class=\"ez-toc-section-end\"><\/span><\/h2>\n<p>Marc-Andr\u00e9 Ter Stegen, portiere tedesco e simbolo della porta del Barcellona, si trova al centro di una tempesta amministrativa che ha portato il club a una decisione drastica. La dirigenza catalana ha temporaneamente revocato la fascia di capitano al estremo difensore, affidando l&#8217;onore e la responsabilit\u00e0 al difensore centrale uruguaiano Ronald Araujo. <\/p>\n<p>La controversia nasce dal rifiuto categorico di Ter Stegen di apporre la propria firma su un referto medico riguardante il suo infortunio alla schiena, una questione che va ben oltre l&#8217;aspetto puramente sanitario. Il portiere, reduce da un delicato intervento chirurgico alla colonna vertebrale, aveva stimato in circa tre mesi i tempi necessari per il completo recupero, una valutazione che sembra non coincidere con le aspettative del club.<\/p>\n<h2 id=\"fairplayfinanziarioestrategiedimercatoilveronododellaquestione\"><span class=\"ez-toc-section\" id=\"Fair_play_finanziario_e_strategie_di_mercato_il_vero_nodo_della_questione\"><\/span>Fair play finanziario e strategie di mercato: il vero nodo della questione<span class=\"ez-toc-section-end\"><\/span><\/h2>\n<p>La richiesta della firma sul documento medico non rappresenta una semplice formalit\u00e0 burocratica, ma si inserisce in una strategia pi\u00f9 ampia legata alle complesse normative del fair play finanziario. Il Barcellona, storicamente alle prese con vincoli economici stringenti, necessitava di questa documentazione per ottenere maggiore flessibilit\u00e0 nel tetto salariale e facilitare eventuali operazioni di mercato.<\/p>\n<p>La mancata collaborazione di Ter Stegen ha innescato un procedimento disciplinare ufficiale, avviato marted\u00ec dalla societ\u00e0, che evidenzia quanto la questione abbia assunto contorni istituzionali rilevanti. La dirigenza blaugrana si trova cos\u00ec costretta a bilanciare le esigenze economiche del club con la gestione di un caso che tocca uno dei leader tecnici e morali della squadra.<\/p>\n<h2 id=\"ronaldaraujoilnuovocapitanoinunmomentodelicato\"><span class=\"ez-toc-section\" id=\"Ronald_Araujo_il_nuovo_capitano_in_un_momento_delicato\"><\/span>Ronald Araujo: il nuovo capitano in un momento delicato<span class=\"ez-toc-section-end\"><\/span><\/h2>\n<p>L&#8217;investitura di Ronald Araujo come capitano temporaneo rappresenta un cambio di paradigma significativo nella leadership della squadra catalana. Il difensore uruguaiano, apprezzato per le sue qualit\u00e0 tecniche e la sua dedizione, si trova ora a dover gestire non solo le responsabilit\u00e0 di campo, ma anche le dinamiche di spogliatoio in un momento particolarmente delicato.<\/p>\n<p>La scelta di Araujo non appare casuale: il difensore centrale incarna i valori di lealt\u00e0 e professionalit\u00e0 che il club vuole sottolineare in questa fase controversa. La sua nomina, seppur temporanea, potrebbe rappresentare un banco di prova importante per il futuro assetto dirigenziale della squadra, specialmente considerando l&#8217;incertezza sui tempi di risoluzione della questione Ter Stegen.<\/p>\n<h2 id=\"prospettivefuturetradiplomaziasportivaedecisionidefinitive\"><span class=\"ez-toc-section\" id=\"Prospettive_future_tra_diplomazia_sportiva_e_decisioni_definitive\"><\/span>Prospettive future: tra diplomazia sportiva e decisioni definitive<span class=\"ez-toc-section-end\"><\/span><\/h2>\n<p>Il silenzio del Barcellona riguardo ai tempi di recupero effettivi di Ter Stegen lascia aperte diverse interpretazioni sulla reale entit\u00e0 del conflitto. L&#8217;assenza di una tempistica ufficiale per il ritorno del portiere tedesco alimenta speculazioni su possibili sviluppi che potrebbero andare oltre la semplice questione medica.<\/p>\n<p>La risoluzione di questa controversia potrebbe influenzare significativamente gli equilibri interni del club e stabilire precedenti importanti per la gestione di future situazioni analoghe. Il caso Ter Stegen diventa cos\u00ec un test cruciale per la capacit\u00e0 della dirigenza catalana di conciliare le esigenze economiche con la gestione delle risorse umane di alto profilo, in un contesto dove ogni decisione pu\u00f2 avere ripercussioni durature sull&#8217;ambiente e sui risultati sportivi.<\/p>\n","protected":false},"excerpt":{"rendered":"<p># Barcellona nel caos: Ter Stegen perde la fascia di capitano per una questione medica&#8230;<\/p>\n","protected":false},"author":3,"featured_media":1872,"comment_status":"closed","ping_status":"closed","sticky":false,"template":"","format":"standard","meta":{"footnotes":""},"categories":[17],"tags":[],"class_list":["post-1873","post","type-post","status-publish","format-standard","has-post-thumbnail","hentry","category-calcio"],"yoast_head":"<!-- This site is optimized with the Yoast SEO plugin v25.9 - https:\/\/yoast.com\/wordpress\/plugins\/seo\/ -->\n<title>Scandalo a Barcellona: Fascia di capitano tolta a Ter Stegen<\/title>\n<meta name=\"robots\" content=\"index, follow, max-snippet:-1, max-image-preview:large, max-video-preview:-1\" \/>\n<link rel=\"canonical\" href=\"https:\/\/ildelitto.it\/it\/scandalo-a-barcellona-fascia-di-capitano-tolta-a-ter-stegen\/\" \/>\n<meta property=\"og:locale\" content=\"it_IT\" \/>\n<meta property=\"og:type\" content=\"article\" \/>\n<meta property=\"og:title\" content=\"Scandalo a Barcellona: Fascia di capitano tolta a Ter Stegen\" \/>\n<meta property=\"og:description\" content=\"# Barcellona nel caos: Ter Stegen perde la fascia di capitano per una questione medica...\" \/>\n<meta property=\"og:url\" content=\"https:\/\/ildelitto.it\/it\/scandalo-a-barcellona-fascia-di-capitano-tolta-a-ter-stegen\/\" \/>\n<meta property=\"og:site_name\" content=\"Il delitto\" \/>\n<meta property=\"article:published_time\" content=\"2025-08-18T09:24:45+00:00\" \/>\n<meta property=\"og:image\" content=\"https:\/\/ildelitto.it\/wp-content\/uploads\/2025\/08\/featured-image-8.png\" \/>\n\t<meta property=\"og:image:width\" content=\"1312\" \/>\n\t<meta property=\"og:image:height\" content=\"736\" \/>\n\t<meta property=\"og:image:type\" content=\"image\/png\" \/>\n<meta name=\"author\" content=\"Giulia Baroni\" \/>\n<meta name=\"twitter:card\" content=\"summary_large_image\" \/>\n<meta name=\"twitter:label1\" content=\"Scritto da\" \/>\n\t<meta name=\"twitter:data1\" content=\"Giulia Baroni\" \/>\n\t<meta name=\"twitter:label2\" content=\"Tempo di lettura stimato\" \/>\n\t<meta name=\"twitter:data2\" content=\"4 minuti\" \/>\n<script type=\"application\/ld+json\" class=\"yoast-schema-graph\">{\"@context\":\"https:\/\/schema.org\",\"@graph\":[{\"@type\":\"Article\",\"@id\":\"https:\/\/ildelitto.it\/it\/scandalo-a-barcellona-fascia-di-capitano-tolta-a-ter-stegen\/#article\",\"isPartOf\":{\"@id\":\"https:\/\/ildelitto.it\/it\/scandalo-a-barcellona-fascia-di-capitano-tolta-a-ter-stegen\/\"},\"author\":{\"name\":\"Giulia Baroni\",\"@id\":\"https:\/\/ildelitto.it\/it\/#\/schema\/person\/8f763eb1284cd00cf42126178551b792\"},\"headline\":\"Scandalo a Barcellona: Fascia di capitano tolta a Ter Stegen\",\"datePublished\":\"2025-08-18T09:24:45+00:00\",\"mainEntityOfPage\":{\"@id\":\"https:\/\/ildelitto.it\/it\/scandalo-a-barcellona-fascia-di-capitano-tolta-a-ter-stegen\/\"},\"wordCount\":570,\"publisher\":{\"@id\":\"https:\/\/ildelitto.it\/it\/#organization\"},\"image\":{\"@id\":\"https:\/\/ildelitto.it\/it\/scandalo-a-barcellona-fascia-di-capitano-tolta-a-ter-stegen\/#primaryimage\"},\"thumbnailUrl\":\"https:\/\/ildelitto.it\/wp-content\/uploads\/2025\/08\/featured-image-8.png\",\"articleSection\":[\"Calcio\"],\"inLanguage\":\"it-IT\"},{\"@type\":\"WebPage\",\"@id\":\"https:\/\/ildelitto.it\/it\/scandalo-a-barcellona-fascia-di-capitano-tolta-a-ter-stegen\/\",\"url\":\"https:\/\/ildelitto.it\/it\/scandalo-a-barcellona-fascia-di-capitano-tolta-a-ter-stegen\/\",\"name\":\"Scandalo a Barcellona: Fascia di capitano tolta a Ter Stegen\",\"isPartOf\":{\"@id\":\"https:\/\/ildelitto.it\/it\/#website\"},\"primaryImageOfPage\":{\"@id\":\"https:\/\/ildelitto.it\/it\/scandalo-a-barcellona-fascia-di-capitano-tolta-a-ter-stegen\/#primaryimage\"},\"image\":{\"@id\":\"https:\/\/ildelitto.it\/it\/scandalo-a-barcellona-fascia-di-capitano-tolta-a-ter-stegen\/#primaryimage\"},\"thumbnailUrl\":\"https:\/\/ildelitto.it\/wp-content\/uploads\/2025\/08\/featured-image-8.png\",\"datePublished\":\"2025-08-18T09:24:45+00:00\",\"breadcrumb\":{\"@id\":\"https:\/\/ildelitto.it\/it\/scandalo-a-barcellona-fascia-di-capitano-tolta-a-ter-stegen\/#breadcrumb\"},\"inLanguage\":\"it-IT\",\"potentialAction\":[{\"@type\":\"ReadAction\",\"target\":[\"https:\/\/ildelitto.it\/it\/scandalo-a-barcellona-fascia-di-capitano-tolta-a-ter-stegen\/\"]}]},{\"@type\":\"ImageObject\",\"inLanguage\":\"it-IT\",\"@id\":\"https:\/\/ildelitto.it\/it\/scandalo-a-barcellona-fascia-di-capitano-tolta-a-ter-stegen\/#primaryimage\",\"url\":\"https:\/\/ildelitto.it\/wp-content\/uploads\/2025\/08\/featured-image-8.png\",\"contentUrl\":\"https:\/\/ildelitto.it\/wp-content\/uploads\/2025\/08\/featured-image-8.png\",\"width\":1312,\"height\":736},{\"@type\":\"BreadcrumbList\",\"@id\":\"https:\/\/ildelitto.it\/it\/scandalo-a-barcellona-fascia-di-capitano-tolta-a-ter-stegen\/#breadcrumb\",\"itemListElement\":[{\"@type\":\"ListItem\",\"position\":1,\"name\":\"Accueil\",\"item\":\"https:\/\/ildelitto.it\/it\/\"},{\"@type\":\"ListItem\",\"position\":2,\"name\":\"Scandalo a Barcellona: Fascia di capitano tolta a Ter Stegen\"}]},{\"@type\":\"WebSite\",\"@id\":\"https:\/\/ildelitto.it\/it\/#website\",\"url\":\"https:\/\/ildelitto.it\/it\/\",\"name\":\"Il delitto\",\"description\":\"Il delitto\",\"publisher\":{\"@id\":\"https:\/\/ildelitto.it\/it\/#organization\"},\"potentialAction\":[{\"@type\":\"SearchAction\",\"target\":{\"@type\":\"EntryPoint\",\"urlTemplate\":\"https:\/\/ildelitto.it\/it\/?s={search_term_string}\"},\"query-input\":{\"@type\":\"PropertyValueSpecification\",\"valueRequired\":true,\"valueName\":\"search_term_string\"}}],\"inLanguage\":\"it-IT\"},{\"@type\":\"Organization\",\"@id\":\"https:\/\/ildelitto.it\/it\/#organization\",\"name\":\"Il delitto\",\"url\":\"https:\/\/ildelitto.it\/it\/\",\"logo\":{\"@type\":\"ImageObject\",\"inLanguage\":\"it-IT\",\"@id\":\"https:\/\/ildelitto.it\/it\/#\/schema\/logo\/image\/\",\"url\":\"https:\/\/ildelitto.it\/wp-content\/uploads\/2025\/04\/cropped-Logo2.png\",\"contentUrl\":\"https:\/\/ildelitto.it\/wp-content\/uploads\/2025\/04\/cropped-Logo2.png\",\"width\":563,\"height\":563,\"caption\":\"Il delitto\"},\"image\":{\"@id\":\"https:\/\/ildelitto.it\/it\/#\/schema\/logo\/image\/\"}},{\"@type\":\"Person\",\"@id\":\"https:\/\/ildelitto.it\/it\/#\/schema\/person\/8f763eb1284cd00cf42126178551b792\",\"name\":\"Giulia Baroni\",\"image\":{\"@type\":\"ImageObject\",\"inLanguage\":\"it-IT\",\"@id\":\"https:\/\/ildelitto.it\/it\/#\/schema\/person\/image\/\",\"url\":\"https:\/\/secure.gravatar.com\/avatar\/d1f3c7e776e49a5853ff59ce440b9546c800cd0512bce7cc678bde63dec47a39?s=96&d=mm&r=g\",\"contentUrl\":\"https:\/\/secure.gravatar.com\/avatar\/d1f3c7e776e49a5853ff59ce440b9546c800cd0512bce7cc678bde63dec47a39?s=96&d=mm&r=g\",\"caption\":\"Giulia Baroni\"},\"description\":\"Mi chiamo Giulia Baroni e sono giornalista per Il Delitto da oltre dieci anni. La mia passione \u00e8 raccontare i fatti che scuotono la politica, l\u2019economia e il mondo dello sport italiano, sempre con un occhio attento ai dettagli nascosti. Credo che il giornalismo non sia solo informare, ma anche dare significato agli eventi, aiutare i lettori a comprendere cosa c\u2019\u00e8 dietro le notizie e a farsi un\u2019opinione consapevole. Ogni giorno metto impegno, curiosit\u00e0 e dedizione per offrire un\u2019informazione autentica e di qualit\u00e0.\",\"url\":\"https:\/\/ildelitto.it\/it\/author\/giulia\/\"}]}<\/script>\n<!-- \/ Yoast SEO plugin. -->","yoast_head_json":{"title":"Scandalo a Barcellona: Fascia di capitano tolta a Ter Stegen","robots":{"index":"index","follow":"follow","max-snippet":"max-snippet:-1","max-image-preview":"max-image-preview:large","max-video-preview":"max-video-preview:-1"},"canonical":"https:\/\/ildelitto.it\/it\/scandalo-a-barcellona-fascia-di-capitano-tolta-a-ter-stegen\/","og_locale":"it_IT","og_type":"article","og_title":"Scandalo a Barcellona: Fascia di capitano tolta a Ter Stegen","og_description":"# Barcellona nel caos: Ter Stegen perde la fascia di capitano per una questione medica...","og_url":"https:\/\/ildelitto.it\/it\/scandalo-a-barcellona-fascia-di-capitano-tolta-a-ter-stegen\/","og_site_name":"Il delitto","article_published_time":"2025-08-18T09:24:45+00:00","og_image":[{"width":1312,"height":736,"url":"https:\/\/ildelitto.it\/wp-content\/uploads\/2025\/08\/featured-image-8.png","type":"image\/png"}],"author":"Giulia Baroni","twitter_card":"summary_large_image","twitter_misc":{"Scritto da":"Giulia Baroni","Tempo di lettura stimato":"4 minuti"},"schema":{"@context":"https:\/\/schema.org","@graph":[{"@type":"Article","@id":"https:\/\/ildelitto.it\/it\/scandalo-a-barcellona-fascia-di-capitano-tolta-a-ter-stegen\/#article","isPartOf":{"@id":"https:\/\/ildelitto.it\/it\/scandalo-a-barcellona-fascia-di-capitano-tolta-a-ter-stegen\/"},"author":{"name":"Giulia Baroni","@id":"https:\/\/ildelitto.it\/it\/#\/schema\/person\/8f763eb1284cd00cf42126178551b792"},"headline":"Scandalo a Barcellona: Fascia di capitano tolta a Ter Stegen","datePublished":"2025-08-18T09:24:45+00:00","mainEntityOfPage":{"@id":"https:\/\/ildelitto.it\/it\/scandalo-a-barcellona-fascia-di-capitano-tolta-a-ter-stegen\/"},"wordCount":570,"publisher":{"@id":"https:\/\/ildelitto.it\/it\/#organization"},"image":{"@id":"https:\/\/ildelitto.it\/it\/scandalo-a-barcellona-fascia-di-capitano-tolta-a-ter-stegen\/#primaryimage"},"thumbnailUrl":"https:\/\/ildelitto.it\/wp-content\/uploads\/2025\/08\/featured-image-8.png","articleSection":["Calcio"],"inLanguage":"it-IT"},{"@type":"WebPage","@id":"https:\/\/ildelitto.it\/it\/scandalo-a-barcellona-fascia-di-capitano-tolta-a-ter-stegen\/","url":"https:\/\/ildelitto.it\/it\/scandalo-a-barcellona-fascia-di-capitano-tolta-a-ter-stegen\/","name":"Scandalo a Barcellona: Fascia di capitano tolta a Ter Stegen","isPartOf":{"@id":"https:\/\/ildelitto.it\/it\/#website"},"primaryImageOfPage":{"@id":"https:\/\/ildelitto.it\/it\/scandalo-a-barcellona-fascia-di-capitano-tolta-a-ter-stegen\/#primaryimage"},"image":{"@id":"https:\/\/ildelitto.it\/it\/scandalo-a-barcellona-fascia-di-capitano-tolta-a-ter-stegen\/#primaryimage"},"thumbnailUrl":"https:\/\/ildelitto.it\/wp-content\/uploads\/2025\/08\/featured-image-8.png","datePublished":"2025-08-18T09:24:45+00:00","breadcrumb":{"@id":"https:\/\/ildelitto.it\/it\/scandalo-a-barcellona-fascia-di-capitano-tolta-a-ter-stegen\/#breadcrumb"},"inLanguage":"it-IT","potentialAction":[{"@type":"ReadAction","target":["https:\/\/ildelitto.it\/it\/scandalo-a-barcellona-fascia-di-capitano-tolta-a-ter-stegen\/"]}]},{"@type":"ImageObject","inLanguage":"it-IT","@id":"https:\/\/ildelitto.it\/it\/scandalo-a-barcellona-fascia-di-capitano-tolta-a-ter-stegen\/#primaryimage","url":"https:\/\/ildelitto.it\/wp-content\/uploads\/2025\/08\/featured-image-8.png","contentUrl":"https:\/\/ildelitto.it\/wp-content\/uploads\/2025\/08\/featured-image-8.png","width":1312,"height":736},{"@type":"BreadcrumbList","@id":"https:\/\/ildelitto.it\/it\/scandalo-a-barcellona-fascia-di-capitano-tolta-a-ter-stegen\/#breadcrumb","itemListElement":[{"@type":"ListItem","position":1,"name":"Accueil","item":"https:\/\/ildelitto.it\/it\/"},{"@type":"ListItem","position":2,"name":"Scandalo a Barcellona: Fascia di capitano tolta a Ter Stegen"}]},{"@type":"WebSite","@id":"https:\/\/ildelitto.it\/it\/#website","url":"https:\/\/ildelitto.it\/it\/","name":"Il delitto","description":"Il delitto","publisher":{"@id":"https:\/\/ildelitto.it\/it\/#organization"},"potentialAction":[{"@type":"SearchAction","target":{"@type":"EntryPoint","urlTemplate":"https:\/\/ildelitto.it\/it\/?s={search_term_string}"},"query-input":{"@type":"PropertyValueSpecification","valueRequired":true,"valueName":"search_term_string"}}],"inLanguage":"it-IT"},{"@type":"Organization","@id":"https:\/\/ildelitto.it\/it\/#organization","name":"Il delitto","url":"https:\/\/ildelitto.it\/it\/","logo":{"@type":"ImageObject","inLanguage":"it-IT","@id":"https:\/\/ildelitto.it\/it\/#\/schema\/logo\/image\/","url":"https:\/\/ildelitto.it\/wp-content\/uploads\/2025\/04\/cropped-Logo2.png","contentUrl":"https:\/\/ildelitto.it\/wp-content\/uploads\/2025\/04\/cropped-Logo2.png","width":563,"height":563,"caption":"Il delitto"},"image":{"@id":"https:\/\/ildelitto.it\/it\/#\/schema\/logo\/image\/"}},{"@type":"Person","@id":"https:\/\/ildelitto.it\/it\/#\/schema\/person\/8f763eb1284cd00cf42126178551b792","name":"Giulia Baroni","image":{"@type":"ImageObject","inLanguage":"it-IT","@id":"https:\/\/ildelitto.it\/it\/#\/schema\/person\/image\/","url":"https:\/\/secure.gravatar.com\/avatar\/d1f3c7e776e49a5853ff59ce440b9546c800cd0512bce7cc678bde63dec47a39?s=96&d=mm&r=g","contentUrl":"https:\/\/secure.gravatar.com\/avatar\/d1f3c7e776e49a5853ff59ce440b9546c800cd0512bce7cc678bde63dec47a39?s=96&d=mm&r=g","caption":"Giulia Baroni"},"description":"Mi chiamo Giulia Baroni e sono giornalista per Il Delitto da oltre dieci anni. La mia passione \u00e8 raccontare i fatti che scuotono la politica, l\u2019economia e il mondo dello sport italiano, sempre con un occhio attento ai dettagli nascosti. Credo che il giornalismo non sia solo informare, ma anche dare significato agli eventi, aiutare i lettori a comprendere cosa c\u2019\u00e8 dietro le notizie e a farsi un\u2019opinione consapevole. Ogni giorno metto impegno, curiosit\u00e0 e dedizione per offrire un\u2019informazione autentica e di qualit\u00e0.","url":"https:\/\/ildelitto.it\/it\/author\/giulia\/"}]}},"_links":{"self":[{"href":"https:\/\/ildelitto.it\/it\/wp-json\/wp\/v2\/posts\/1873","targetHints":{"allow":["GET"]}}],"collection":[{"href":"https:\/\/ildelitto.it\/it\/wp-json\/wp\/v2\/posts"}],"about":[{"href":"https:\/\/ildelitto.it\/it\/wp-json\/wp\/v2\/types\/post"}],"author":[{"embeddable":true,"href":"https:\/\/ildelitto.it\/it\/wp-json\/wp\/v2\/users\/3"}],"replies":[{"embeddable":true,"href":"https:\/\/ildelitto.it\/it\/wp-json\/wp\/v2\/comments?post=1873"}],"version-history":[{"count":1,"href":"https:\/\/ildelitto.it\/it\/wp-json\/wp\/v2\/posts\/1873\/revisions"}],"predecessor-version":[{"id":1874,"href":"https:\/\/ildelitto.it\/it\/wp-json\/wp\/v2\/posts\/1873\/revisions\/1874"}],"wp:featuredmedia":[{"embeddable":true,"href":"https:\/\/ildelitto.it\/it\/wp-json\/wp\/v2\/media\/1872"}],"wp:attachment":[{"href":"https:\/\/ildelitto.it\/it\/wp-json\/wp\/v2\/media?parent=1873"}],"wp:term":[{"taxonomy":"category","embeddable":true,"href":"https:\/\/ildelitto.it\/it\/wp-json\/wp\/v2\/categories?post=1873"},{"taxonomy":"post_tag","embeddable":true,"href":"https:\/\/ildelitto.it\/it\/wp-json\/wp\/v2\/tags?post=1873"}],"curies":[{"name":"wp","href":"https:\/\/api.w.org\/{rel}","templated":true}]}}