{"id":1846,"date":"2025-08-06T08:00:00","date_gmt":"2025-08-06T06:00:00","guid":{"rendered":"https:\/\/ildelitto.it\/it\/?p=1846"},"modified":"2025-08-05T10:14:03","modified_gmt":"2025-08-05T08:14:03","slug":"ter-stegen-in-guerra-con-il-barca-non-rilascia-il-referto-dellintervento","status":"publish","type":"post","link":"https:\/\/ildelitto.it\/it\/ter-stegen-in-guerra-con-il-barca-non-rilascia-il-referto-dellintervento\/","title":{"rendered":"Ter Stegen in guerra con il Bar\u00e7a, non rilascia il referto dell&#8217;intervento!"},"content":{"rendered":"<div id=\"ez-toc-container\" class=\"ez-toc-v2_0_76 counter-hierarchy ez-toc-counter ez-toc-grey ez-toc-container-direction\">\n<div class=\"ez-toc-title-container\">\n<p class=\"ez-toc-title\" style=\"cursor:inherit\">Contenuto della pagina<\/p>\n<span class=\"ez-toc-title-toggle\"><a href=\"#\" class=\"ez-toc-pull-right ez-toc-btn ez-toc-btn-xs ez-toc-btn-default ez-toc-toggle\" aria-label=\"Toggle Table of Content\"><span class=\"ez-toc-js-icon-con\"><span class=\"\"><span class=\"eztoc-hide\" style=\"display:none;\">Toggle<\/span><span class=\"ez-toc-icon-toggle-span\"><svg style=\"fill: #999;color:#999\" xmlns=\"http:\/\/www.w3.org\/2000\/svg\" class=\"list-377408\" width=\"20px\" height=\"20px\" viewBox=\"0 0 24 24\" fill=\"none\"><path d=\"M6 6H4v2h2V6zm14 0H8v2h12V6zM4 11h2v2H4v-2zm16 0H8v2h12v-2zM4 16h2v2H4v-2zm16 0H8v2h12v-2z\" fill=\"currentColor\"><\/path><\/svg><svg style=\"fill: #999;color:#999\" class=\"arrow-unsorted-368013\" xmlns=\"http:\/\/www.w3.org\/2000\/svg\" width=\"10px\" height=\"10px\" viewBox=\"0 0 24 24\" version=\"1.2\" baseProfile=\"tiny\"><path d=\"M18.2 9.3l-6.2-6.3-6.2 6.3c-.2.2-.3.4-.3.7s.1.5.3.7c.2.2.4.3.7.3h11c.3 0 .5-.1.7-.3.2-.2.3-.5.3-.7s-.1-.5-.3-.7zM5.8 14.7l6.2 6.3 6.2-6.3c.2-.2.3-.5.3-.7s-.1-.5-.3-.7c-.2-.2-.4-.3-.7-.3h-11c-.3 0-.5.1-.7.3-.2.2-.3.5-.3.7s.1.5.3.7z\"\/><\/svg><\/span><\/span><\/span><\/a><\/span><\/div>\n<nav><ul class='ez-toc-list ez-toc-list-level-1 ' ><li class='ez-toc-page-1 ez-toc-heading-level-1'><a class=\"ez-toc-link ez-toc-heading-1\" href=\"https:\/\/ildelitto.it\/it\/ter-stegen-in-guerra-con-il-barca-non-rilascia-il-referto-dellintervento\/#Ter_Stegen_contro_il_Barcellona_la_battaglia_che_sta_scuotendo_il_calcio_catalano\" >Ter Stegen contro il Barcellona: la battaglia che sta scuotendo il calcio catalano<\/a><ul class='ez-toc-list-level-2' ><li class='ez-toc-heading-level-2'><a class=\"ez-toc-link ez-toc-heading-2\" href=\"https:\/\/ildelitto.it\/it\/ter-stegen-in-guerra-con-il-barca-non-rilascia-il-referto-dellintervento\/#La_ribellione_del_capitano_quando_il_portiere_sfida_il_sistema\" >La ribellione del capitano: quando il portiere sfida il sistema<\/a><\/li><li class='ez-toc-page-1 ez-toc-heading-level-2'><a class=\"ez-toc-link ez-toc-heading-3\" href=\"https:\/\/ildelitto.it\/it\/ter-stegen-in-guerra-con-il-barca-non-rilascia-il-referto-dellintervento\/#La_strategia_economica_dietro_lo_scontro_Garcia_e_i_vincoli_finanziari\" >La strategia economica dietro lo scontro: Garcia e i vincoli finanziari<\/a><\/li><li class='ez-toc-page-1 ez-toc-heading-level-2'><a class=\"ez-toc-link ez-toc-heading-4\" href=\"https:\/\/ildelitto.it\/it\/ter-stegen-in-guerra-con-il-barca-non-rilascia-il-referto-dellintervento\/#Lescalation_del_conflitto_dalla_fascia_di_capitano_al_procedimento_disciplinare\" >L&#8217;escalation del conflitto: dalla fascia di capitano al procedimento disciplinare<\/a><\/li><li class='ez-toc-page-1 ez-toc-heading-level-2'><a class=\"ez-toc-link ez-toc-heading-5\" href=\"https:\/\/ildelitto.it\/it\/ter-stegen-in-guerra-con-il-barca-non-rilascia-il-referto-dellintervento\/#Le_conseguenze_di_una_battaglia_senza_vincitori\" >Le conseguenze di una battaglia senza vincitori<\/a><\/li><\/ul><\/li><\/ul><\/nav><\/div>\n<h1 id=\"terstegencontroilbarcellonalabattagliachestascuotendoilcalciocatalano\"><span class=\"ez-toc-section\" id=\"Ter_Stegen_contro_il_Barcellona_la_battaglia_che_sta_scuotendo_il_calcio_catalano\"><\/span>Ter Stegen contro il Barcellona: la battaglia che sta scuotendo il calcio catalano<span class=\"ez-toc-section-end\"><\/span><\/h1>\n<p>Una guerra senza precedenti \u00e8 scoppiata tra il FC Barcelona e il suo capitano Marc-Andr\u00e9 ter Stegen. Il portiere tedesco ha scatenato una crisi istituzionale rifiutandosi di collaborare con il club per questioni mediche legate al suo recente intervento chirurgico. Una vicenda che mette in luce le tensioni interne e le difficolt\u00e0 economiche del gigante catalano, trasformando quello che doveva essere un semplice iter burocratico in uno scontro aperto che potrebbe cambiare per sempre i rapporti tra giocatori e societ\u00e0.<\/p>\n<h2 id=\"laribellionedelcapitanoquandoilportieresfidailsistema\"><span class=\"ez-toc-section\" id=\"La_ribellione_del_capitano_quando_il_portiere_sfida_il_sistema\"><\/span>La ribellione del capitano: quando il portiere sfida il sistema<span class=\"ez-toc-section-end\"><\/span><\/h2>\n<p>Marc-Andr\u00e9 ter Stegen ha compiuto un gesto clamoroso che ha lasciato di stucco la dirigenza blaugrana. Il portiere tedesco si \u00e8 categoricamente rifiutato di firmare il consenso informato necessario per trasmettere il referto medico del suo intervento alla schiena ai dirigenti del Barcellona. Questa documentazione \u00e8 fondamentale per comunicare alla Liga la durata effettiva dell&#8217;infortunio, un dato che potrebbe sbloccare opportunit\u00e0 di mercato cruciali per il club.<\/p>\n<p>La decisione di ter Stegen rappresenta un precedente pericoloso nel mondo del calcio professionistico, dove i rapporti tra atleti e societ\u00e0 sono regolati da contratti milionari e protocolli rigidi. Il gesto del portiere tedesco non \u00e8 solo una forma di protesta, ma una vera e propria dichiarazione di guerra che mette in discussione l&#8217;autorit\u00e0 del club e apre scenari inediti sulla gestione dei rapporti contrattuali nel calcio moderno.<\/p>\n<h2 id=\"lastrategiaeconomicadietroloscontrogarciaeivincolifinanziari\"><span class=\"ez-toc-section\" id=\"La_strategia_economica_dietro_lo_scontro_Garcia_e_i_vincoli_finanziari\"><\/span>La strategia economica dietro lo scontro: Garcia e i vincoli finanziari<span class=\"ez-toc-section-end\"><\/span><\/h2>\n<p>Il cuore del conflitto risiede nelle manovre di mercato del Barcellona e nei suoi cronici problemi finanziari. Il club ha acquistato Joan Garcia come sostituto di ter Stegen, ma per tesserarlo deve rispettare i stringenti vincoli di bilancio imposti dalla Liga. Se l&#8217;infortunio del portiere tedesco dovesse protrarsi per almeno quattro mesi, il Barcellona otterrebbe automaticamente la possibilit\u00e0 di registrare nuovi giocatori, aggirando le limitazioni economiche.<\/p>\n<p>Questa situazione ha trasformato la convalescenza di ter Stegen in una partita a scacchi finanziaria. Il portiere, annunciando unilateralmente un periodo di recupero di soli tre mesi, ha di fatto sabotato la strategia del club, impedendo l&#8217;iscrizione di Garcia e mettendo in crisi i piani della dirigenza. Una mossa calcolata che dimostra come i giocatori possano utilizzare le proprie condizioni fisiche come arma di negoziazione contro le societ\u00e0.<\/p>\n<h2 id=\"lescalationdelconflittodallafasciadicapitanoalprocedimentodisciplinare\"><span class=\"ez-toc-section\" id=\"Lescalation_del_conflitto_dalla_fascia_di_capitano_al_procedimento_disciplinare\"><\/span>L&#8217;escalation del conflitto: dalla fascia di capitano al procedimento disciplinare<span class=\"ez-toc-section-end\"><\/span><\/h2>\n<p>La tensione \u00e8 esplosa quando ter Stegen ha deciso di comunicare autonomamente la sua scelta di sottoporsi all&#8217;intervento chirurgico, bypassando completamente i canali ufficiali del club. Questa iniziativa unilaterale ha rappresentato la goccia che ha fatto traboccare il vaso, spingendo il Barcellona a una reazione drastica: la rimozione della fascia di capitano dal braccio del portiere tedesco.<\/p>\n<p>Il club catalano non si \u00e8 fermato qui e ha annunciato l&#8217;apertura di un procedimento disciplinare nei confronti del suo ormai ex capitano. Una decisione che testimonia la gravit\u00e0 della situazione e la volont\u00e0 della dirigenza di ristabilire la propria autorit\u00e0. La guerra tra ter Stegen e il Barcellona \u00e8 ormai ufficiale, con conseguenze che potrebbero estendersi ben oltre i confini del Camp Nou e influenzare i rapporti di forza nell&#8217;intero panorama calcistico internazionale.<\/p>\n<h2 id=\"leconseguenzediunabattagliasenzavincitori\"><span class=\"ez-toc-section\" id=\"Le_conseguenze_di_una_battaglia_senza_vincitori\"><\/span>Le conseguenze di una battaglia senza vincitori<span class=\"ez-toc-section-end\"><\/span><\/h2>\n<p>Questo scontro titanico tra ter Stegen e il Barcellona rappresenta molto pi\u00f9 di una semplice disputa contrattuale. \u00c8 lo specchio delle difficolt\u00e0 economiche che attanagliano anche i club pi\u00f9 prestigiosi e della crescente consapevolezza dei calciatori del proprio potere negoziale. La vicenda potrebbe creare un precedente pericoloso, incoraggiando altri giocatori a utilizzare strategie simili per ottenere vantaggi nelle trattative con le proprie societ\u00e0.<\/p>\n<p>Il futuro di ter Stegen al Barcellona appare ormai segnato, con il portiere tedesco destinato al mercato e il club catalano impegnato a gestire una crisi che va ben oltre l&#8217;aspetto sportivo. Una battaglia che rischia di non avere vincitori, ma solo perdenti in una guerra dove l&#8217;orgoglio e gli interessi economici hanno preso il sopravvento sui valori sportivi e sulla lealt\u00e0 reciproca.<\/p>\n","protected":false},"excerpt":{"rendered":"<p># Ter Stegen contro il Barcellona: la battaglia che sta scuotendo il calcio catalano&#8230;<\/p>\n","protected":false},"author":3,"featured_media":1848,"comment_status":"closed","ping_status":"closed","sticky":false,"template":"","format":"standard","meta":{"footnotes":""},"categories":[17],"tags":[],"class_list":["post-1846","post","type-post","status-publish","format-standard","has-post-thumbnail","hentry","category-calcio"],"yoast_head":"<!-- This site is optimized with the Yoast SEO plugin v25.9 - https:\/\/yoast.com\/wordpress\/plugins\/seo\/ -->\n<title>Ter Stegen in guerra con il Bar\u00e7a, non rilascia il referto dell&#039;intervento!<\/title>\n<meta name=\"robots\" content=\"index, follow, max-snippet:-1, max-image-preview:large, max-video-preview:-1\" \/>\n<link rel=\"canonical\" href=\"https:\/\/ildelitto.it\/it\/ter-stegen-in-guerra-con-il-barca-non-rilascia-il-referto-dellintervento\/\" \/>\n<meta property=\"og:locale\" content=\"it_IT\" \/>\n<meta property=\"og:type\" content=\"article\" \/>\n<meta property=\"og:title\" content=\"Ter Stegen in guerra con il Bar\u00e7a, non rilascia il referto dell&#039;intervento!\" \/>\n<meta property=\"og:description\" content=\"# Ter Stegen contro il Barcellona: la battaglia che sta scuotendo il calcio catalano...\" \/>\n<meta property=\"og:url\" content=\"https:\/\/ildelitto.it\/it\/ter-stegen-in-guerra-con-il-barca-non-rilascia-il-referto-dellintervento\/\" \/>\n<meta property=\"og:site_name\" content=\"Il delitto\" \/>\n<meta property=\"article:published_time\" content=\"2025-08-06T06:00:00+00:00\" \/>\n<meta property=\"og:image\" content=\"https:\/\/ildelitto.it\/wp-content\/uploads\/2025\/08\/d8a8d9947dee2f8166f9c72981a07ab7eefd642a.jpg.webp\" \/>\n\t<meta property=\"og:image:width\" content=\"1920\" \/>\n\t<meta property=\"og:image:height\" content=\"1080\" \/>\n\t<meta property=\"og:image:type\" content=\"image\/webp\" \/>\n<meta name=\"author\" content=\"Giulia Baroni\" \/>\n<meta name=\"twitter:card\" content=\"summary_large_image\" \/>\n<meta name=\"twitter:label1\" content=\"Scritto da\" \/>\n\t<meta name=\"twitter:data1\" content=\"Giulia Baroni\" \/>\n\t<meta name=\"twitter:label2\" content=\"Tempo di lettura stimato\" \/>\n\t<meta name=\"twitter:data2\" content=\"4 minuti\" \/>\n<script type=\"application\/ld+json\" class=\"yoast-schema-graph\">{\"@context\":\"https:\/\/schema.org\",\"@graph\":[{\"@type\":\"Article\",\"@id\":\"https:\/\/ildelitto.it\/it\/ter-stegen-in-guerra-con-il-barca-non-rilascia-il-referto-dellintervento\/#article\",\"isPartOf\":{\"@id\":\"https:\/\/ildelitto.it\/it\/ter-stegen-in-guerra-con-il-barca-non-rilascia-il-referto-dellintervento\/\"},\"author\":{\"name\":\"Giulia Baroni\",\"@id\":\"https:\/\/ildelitto.it\/it\/#\/schema\/person\/8f763eb1284cd00cf42126178551b792\"},\"headline\":\"Ter Stegen in guerra con il Bar\u00e7a, non rilascia il referto dell&#8217;intervento!\",\"datePublished\":\"2025-08-06T06:00:00+00:00\",\"mainEntityOfPage\":{\"@id\":\"https:\/\/ildelitto.it\/it\/ter-stegen-in-guerra-con-il-barca-non-rilascia-il-referto-dellintervento\/\"},\"wordCount\":673,\"publisher\":{\"@id\":\"https:\/\/ildelitto.it\/it\/#organization\"},\"image\":{\"@id\":\"https:\/\/ildelitto.it\/it\/ter-stegen-in-guerra-con-il-barca-non-rilascia-il-referto-dellintervento\/#primaryimage\"},\"thumbnailUrl\":\"https:\/\/ildelitto.it\/wp-content\/uploads\/2025\/08\/d8a8d9947dee2f8166f9c72981a07ab7eefd642a.jpg.webp\",\"articleSection\":[\"Calcio\"],\"inLanguage\":\"it-IT\"},{\"@type\":\"WebPage\",\"@id\":\"https:\/\/ildelitto.it\/it\/ter-stegen-in-guerra-con-il-barca-non-rilascia-il-referto-dellintervento\/\",\"url\":\"https:\/\/ildelitto.it\/it\/ter-stegen-in-guerra-con-il-barca-non-rilascia-il-referto-dellintervento\/\",\"name\":\"Ter Stegen in guerra con il Bar\u00e7a, non rilascia il referto dell'intervento!\",\"isPartOf\":{\"@id\":\"https:\/\/ildelitto.it\/it\/#website\"},\"primaryImageOfPage\":{\"@id\":\"https:\/\/ildelitto.it\/it\/ter-stegen-in-guerra-con-il-barca-non-rilascia-il-referto-dellintervento\/#primaryimage\"},\"image\":{\"@id\":\"https:\/\/ildelitto.it\/it\/ter-stegen-in-guerra-con-il-barca-non-rilascia-il-referto-dellintervento\/#primaryimage\"},\"thumbnailUrl\":\"https:\/\/ildelitto.it\/wp-content\/uploads\/2025\/08\/d8a8d9947dee2f8166f9c72981a07ab7eefd642a.jpg.webp\",\"datePublished\":\"2025-08-06T06:00:00+00:00\",\"breadcrumb\":{\"@id\":\"https:\/\/ildelitto.it\/it\/ter-stegen-in-guerra-con-il-barca-non-rilascia-il-referto-dellintervento\/#breadcrumb\"},\"inLanguage\":\"it-IT\",\"potentialAction\":[{\"@type\":\"ReadAction\",\"target\":[\"https:\/\/ildelitto.it\/it\/ter-stegen-in-guerra-con-il-barca-non-rilascia-il-referto-dellintervento\/\"]}]},{\"@type\":\"ImageObject\",\"inLanguage\":\"it-IT\",\"@id\":\"https:\/\/ildelitto.it\/it\/ter-stegen-in-guerra-con-il-barca-non-rilascia-il-referto-dellintervento\/#primaryimage\",\"url\":\"https:\/\/ildelitto.it\/wp-content\/uploads\/2025\/08\/d8a8d9947dee2f8166f9c72981a07ab7eefd642a.jpg.webp\",\"contentUrl\":\"https:\/\/ildelitto.it\/wp-content\/uploads\/2025\/08\/d8a8d9947dee2f8166f9c72981a07ab7eefd642a.jpg.webp\",\"width\":1920,\"height\":1080},{\"@type\":\"BreadcrumbList\",\"@id\":\"https:\/\/ildelitto.it\/it\/ter-stegen-in-guerra-con-il-barca-non-rilascia-il-referto-dellintervento\/#breadcrumb\",\"itemListElement\":[{\"@type\":\"ListItem\",\"position\":1,\"name\":\"Accueil\",\"item\":\"https:\/\/ildelitto.it\/it\/\"},{\"@type\":\"ListItem\",\"position\":2,\"name\":\"Ter Stegen in guerra con il Bar\u00e7a, non rilascia il referto dell&#8217;intervento!\"}]},{\"@type\":\"WebSite\",\"@id\":\"https:\/\/ildelitto.it\/it\/#website\",\"url\":\"https:\/\/ildelitto.it\/it\/\",\"name\":\"Il delitto\",\"description\":\"Il delitto\",\"publisher\":{\"@id\":\"https:\/\/ildelitto.it\/it\/#organization\"},\"potentialAction\":[{\"@type\":\"SearchAction\",\"target\":{\"@type\":\"EntryPoint\",\"urlTemplate\":\"https:\/\/ildelitto.it\/it\/?s={search_term_string}\"},\"query-input\":{\"@type\":\"PropertyValueSpecification\",\"valueRequired\":true,\"valueName\":\"search_term_string\"}}],\"inLanguage\":\"it-IT\"},{\"@type\":\"Organization\",\"@id\":\"https:\/\/ildelitto.it\/it\/#organization\",\"name\":\"Il delitto\",\"url\":\"https:\/\/ildelitto.it\/it\/\",\"logo\":{\"@type\":\"ImageObject\",\"inLanguage\":\"it-IT\",\"@id\":\"https:\/\/ildelitto.it\/it\/#\/schema\/logo\/image\/\",\"url\":\"https:\/\/ildelitto.it\/wp-content\/uploads\/2025\/04\/cropped-Logo2.png\",\"contentUrl\":\"https:\/\/ildelitto.it\/wp-content\/uploads\/2025\/04\/cropped-Logo2.png\",\"width\":563,\"height\":563,\"caption\":\"Il delitto\"},\"image\":{\"@id\":\"https:\/\/ildelitto.it\/it\/#\/schema\/logo\/image\/\"}},{\"@type\":\"Person\",\"@id\":\"https:\/\/ildelitto.it\/it\/#\/schema\/person\/8f763eb1284cd00cf42126178551b792\",\"name\":\"Giulia Baroni\",\"image\":{\"@type\":\"ImageObject\",\"inLanguage\":\"it-IT\",\"@id\":\"https:\/\/ildelitto.it\/it\/#\/schema\/person\/image\/\",\"url\":\"https:\/\/secure.gravatar.com\/avatar\/d1f3c7e776e49a5853ff59ce440b9546c800cd0512bce7cc678bde63dec47a39?s=96&d=mm&r=g\",\"contentUrl\":\"https:\/\/secure.gravatar.com\/avatar\/d1f3c7e776e49a5853ff59ce440b9546c800cd0512bce7cc678bde63dec47a39?s=96&d=mm&r=g\",\"caption\":\"Giulia Baroni\"},\"description\":\"Mi chiamo Giulia Baroni e sono giornalista per Il Delitto da oltre dieci anni. La mia passione \u00e8 raccontare i fatti che scuotono la politica, l\u2019economia e il mondo dello sport italiano, sempre con un occhio attento ai dettagli nascosti. Credo che il giornalismo non sia solo informare, ma anche dare significato agli eventi, aiutare i lettori a comprendere cosa c\u2019\u00e8 dietro le notizie e a farsi un\u2019opinione consapevole. Ogni giorno metto impegno, curiosit\u00e0 e dedizione per offrire un\u2019informazione autentica e di qualit\u00e0.\",\"url\":\"https:\/\/ildelitto.it\/it\/author\/giulia\/\"}]}<\/script>\n<!-- \/ Yoast SEO plugin. -->","yoast_head_json":{"title":"Ter Stegen in guerra con il Bar\u00e7a, non rilascia il referto dell'intervento!","robots":{"index":"index","follow":"follow","max-snippet":"max-snippet:-1","max-image-preview":"max-image-preview:large","max-video-preview":"max-video-preview:-1"},"canonical":"https:\/\/ildelitto.it\/it\/ter-stegen-in-guerra-con-il-barca-non-rilascia-il-referto-dellintervento\/","og_locale":"it_IT","og_type":"article","og_title":"Ter Stegen in guerra con il Bar\u00e7a, non rilascia il referto dell'intervento!","og_description":"# Ter Stegen contro il Barcellona: la battaglia che sta scuotendo il calcio catalano...","og_url":"https:\/\/ildelitto.it\/it\/ter-stegen-in-guerra-con-il-barca-non-rilascia-il-referto-dellintervento\/","og_site_name":"Il delitto","article_published_time":"2025-08-06T06:00:00+00:00","og_image":[{"width":1920,"height":1080,"url":"https:\/\/ildelitto.it\/wp-content\/uploads\/2025\/08\/d8a8d9947dee2f8166f9c72981a07ab7eefd642a.jpg.webp","type":"image\/webp"}],"author":"Giulia Baroni","twitter_card":"summary_large_image","twitter_misc":{"Scritto da":"Giulia Baroni","Tempo di lettura stimato":"4 minuti"},"schema":{"@context":"https:\/\/schema.org","@graph":[{"@type":"Article","@id":"https:\/\/ildelitto.it\/it\/ter-stegen-in-guerra-con-il-barca-non-rilascia-il-referto-dellintervento\/#article","isPartOf":{"@id":"https:\/\/ildelitto.it\/it\/ter-stegen-in-guerra-con-il-barca-non-rilascia-il-referto-dellintervento\/"},"author":{"name":"Giulia Baroni","@id":"https:\/\/ildelitto.it\/it\/#\/schema\/person\/8f763eb1284cd00cf42126178551b792"},"headline":"Ter Stegen in guerra con il Bar\u00e7a, non rilascia il referto dell&#8217;intervento!","datePublished":"2025-08-06T06:00:00+00:00","mainEntityOfPage":{"@id":"https:\/\/ildelitto.it\/it\/ter-stegen-in-guerra-con-il-barca-non-rilascia-il-referto-dellintervento\/"},"wordCount":673,"publisher":{"@id":"https:\/\/ildelitto.it\/it\/#organization"},"image":{"@id":"https:\/\/ildelitto.it\/it\/ter-stegen-in-guerra-con-il-barca-non-rilascia-il-referto-dellintervento\/#primaryimage"},"thumbnailUrl":"https:\/\/ildelitto.it\/wp-content\/uploads\/2025\/08\/d8a8d9947dee2f8166f9c72981a07ab7eefd642a.jpg.webp","articleSection":["Calcio"],"inLanguage":"it-IT"},{"@type":"WebPage","@id":"https:\/\/ildelitto.it\/it\/ter-stegen-in-guerra-con-il-barca-non-rilascia-il-referto-dellintervento\/","url":"https:\/\/ildelitto.it\/it\/ter-stegen-in-guerra-con-il-barca-non-rilascia-il-referto-dellintervento\/","name":"Ter Stegen in guerra con il Bar\u00e7a, non rilascia il referto dell'intervento!","isPartOf":{"@id":"https:\/\/ildelitto.it\/it\/#website"},"primaryImageOfPage":{"@id":"https:\/\/ildelitto.it\/it\/ter-stegen-in-guerra-con-il-barca-non-rilascia-il-referto-dellintervento\/#primaryimage"},"image":{"@id":"https:\/\/ildelitto.it\/it\/ter-stegen-in-guerra-con-il-barca-non-rilascia-il-referto-dellintervento\/#primaryimage"},"thumbnailUrl":"https:\/\/ildelitto.it\/wp-content\/uploads\/2025\/08\/d8a8d9947dee2f8166f9c72981a07ab7eefd642a.jpg.webp","datePublished":"2025-08-06T06:00:00+00:00","breadcrumb":{"@id":"https:\/\/ildelitto.it\/it\/ter-stegen-in-guerra-con-il-barca-non-rilascia-il-referto-dellintervento\/#breadcrumb"},"inLanguage":"it-IT","potentialAction":[{"@type":"ReadAction","target":["https:\/\/ildelitto.it\/it\/ter-stegen-in-guerra-con-il-barca-non-rilascia-il-referto-dellintervento\/"]}]},{"@type":"ImageObject","inLanguage":"it-IT","@id":"https:\/\/ildelitto.it\/it\/ter-stegen-in-guerra-con-il-barca-non-rilascia-il-referto-dellintervento\/#primaryimage","url":"https:\/\/ildelitto.it\/wp-content\/uploads\/2025\/08\/d8a8d9947dee2f8166f9c72981a07ab7eefd642a.jpg.webp","contentUrl":"https:\/\/ildelitto.it\/wp-content\/uploads\/2025\/08\/d8a8d9947dee2f8166f9c72981a07ab7eefd642a.jpg.webp","width":1920,"height":1080},{"@type":"BreadcrumbList","@id":"https:\/\/ildelitto.it\/it\/ter-stegen-in-guerra-con-il-barca-non-rilascia-il-referto-dellintervento\/#breadcrumb","itemListElement":[{"@type":"ListItem","position":1,"name":"Accueil","item":"https:\/\/ildelitto.it\/it\/"},{"@type":"ListItem","position":2,"name":"Ter Stegen in guerra con il Bar\u00e7a, non rilascia il referto dell&#8217;intervento!"}]},{"@type":"WebSite","@id":"https:\/\/ildelitto.it\/it\/#website","url":"https:\/\/ildelitto.it\/it\/","name":"Il delitto","description":"Il delitto","publisher":{"@id":"https:\/\/ildelitto.it\/it\/#organization"},"potentialAction":[{"@type":"SearchAction","target":{"@type":"EntryPoint","urlTemplate":"https:\/\/ildelitto.it\/it\/?s={search_term_string}"},"query-input":{"@type":"PropertyValueSpecification","valueRequired":true,"valueName":"search_term_string"}}],"inLanguage":"it-IT"},{"@type":"Organization","@id":"https:\/\/ildelitto.it\/it\/#organization","name":"Il delitto","url":"https:\/\/ildelitto.it\/it\/","logo":{"@type":"ImageObject","inLanguage":"it-IT","@id":"https:\/\/ildelitto.it\/it\/#\/schema\/logo\/image\/","url":"https:\/\/ildelitto.it\/wp-content\/uploads\/2025\/04\/cropped-Logo2.png","contentUrl":"https:\/\/ildelitto.it\/wp-content\/uploads\/2025\/04\/cropped-Logo2.png","width":563,"height":563,"caption":"Il delitto"},"image":{"@id":"https:\/\/ildelitto.it\/it\/#\/schema\/logo\/image\/"}},{"@type":"Person","@id":"https:\/\/ildelitto.it\/it\/#\/schema\/person\/8f763eb1284cd00cf42126178551b792","name":"Giulia Baroni","image":{"@type":"ImageObject","inLanguage":"it-IT","@id":"https:\/\/ildelitto.it\/it\/#\/schema\/person\/image\/","url":"https:\/\/secure.gravatar.com\/avatar\/d1f3c7e776e49a5853ff59ce440b9546c800cd0512bce7cc678bde63dec47a39?s=96&d=mm&r=g","contentUrl":"https:\/\/secure.gravatar.com\/avatar\/d1f3c7e776e49a5853ff59ce440b9546c800cd0512bce7cc678bde63dec47a39?s=96&d=mm&r=g","caption":"Giulia Baroni"},"description":"Mi chiamo Giulia Baroni e sono giornalista per Il Delitto da oltre dieci anni. La mia passione \u00e8 raccontare i fatti che scuotono la politica, l\u2019economia e il mondo dello sport italiano, sempre con un occhio attento ai dettagli nascosti. Credo che il giornalismo non sia solo informare, ma anche dare significato agli eventi, aiutare i lettori a comprendere cosa c\u2019\u00e8 dietro le notizie e a farsi un\u2019opinione consapevole. Ogni giorno metto impegno, curiosit\u00e0 e dedizione per offrire un\u2019informazione autentica e di qualit\u00e0.","url":"https:\/\/ildelitto.it\/it\/author\/giulia\/"}]}},"_links":{"self":[{"href":"https:\/\/ildelitto.it\/it\/wp-json\/wp\/v2\/posts\/1846","targetHints":{"allow":["GET"]}}],"collection":[{"href":"https:\/\/ildelitto.it\/it\/wp-json\/wp\/v2\/posts"}],"about":[{"href":"https:\/\/ildelitto.it\/it\/wp-json\/wp\/v2\/types\/post"}],"author":[{"embeddable":true,"href":"https:\/\/ildelitto.it\/it\/wp-json\/wp\/v2\/users\/3"}],"replies":[{"embeddable":true,"href":"https:\/\/ildelitto.it\/it\/wp-json\/wp\/v2\/comments?post=1846"}],"version-history":[{"count":1,"href":"https:\/\/ildelitto.it\/it\/wp-json\/wp\/v2\/posts\/1846\/revisions"}],"predecessor-version":[{"id":1849,"href":"https:\/\/ildelitto.it\/it\/wp-json\/wp\/v2\/posts\/1846\/revisions\/1849"}],"wp:featuredmedia":[{"embeddable":true,"href":"https:\/\/ildelitto.it\/it\/wp-json\/wp\/v2\/media\/1848"}],"wp:attachment":[{"href":"https:\/\/ildelitto.it\/it\/wp-json\/wp\/v2\/media?parent=1846"}],"wp:term":[{"taxonomy":"category","embeddable":true,"href":"https:\/\/ildelitto.it\/it\/wp-json\/wp\/v2\/categories?post=1846"},{"taxonomy":"post_tag","embeddable":true,"href":"https:\/\/ildelitto.it\/it\/wp-json\/wp\/v2\/tags?post=1846"}],"curies":[{"name":"wp","href":"https:\/\/api.w.org\/{rel}","templated":true}]}}