{"id":1312,"date":"2025-05-14T21:05:51","date_gmt":"2025-05-14T19:05:51","guid":{"rendered":"https:\/\/ildelitto.it\/it\/?p=1312"},"modified":"2025-05-14T21:05:51","modified_gmt":"2025-05-14T19:05:51","slug":"f1-verstappen-red-bull-ha-finalmente-trovato-la-chiave-del-successo","status":"publish","type":"post","link":"https:\/\/ildelitto.it\/it\/f1-verstappen-red-bull-ha-finalmente-trovato-la-chiave-del-successo\/","title":{"rendered":"F1 &#8211; Verstappen: Red Bull ha finalmente trovato la chiave del successo?"},"content":{"rendered":"<p><strong>Red Bull: Il Difficile Compito di Affiancare Verstappen<\/strong>   <\/p>\n<p>Red Bull ha preso una decisione cruciale all&#8217;inizio della stagione, scegliendo di sostituire il giovane pilota Liam Lawson con il giapponese Yuki Tsunoda come nuovo compagno di squadra di Max Verstappen. Mentre Tsunoda cerca di affermarsi in un ambiente di alta pressione, Paul Monaghan, ingegnere capo del team, ha elogiato la capacit\u00e0 del pilota di non lasciarsi intimorire dalla presenza di Verstappen.<\/p>\n<p><strong>Yuki Tsunoda: Trova la Sua Strada<\/strong>  <\/p>\n<p>All&#8217;inizio dell&#8217;anno, Red Bull ha promosso il giovane neozelandese Liam Lawson, salvo rimandarlo a Racing Bulls dopo appena due gare. Nel frattempo, Yuki Tsunoda ha preso il suo posto accanto a Verstappen. Paul Monaghan ha osservato: &#8220;Sembra integrarsi bene, nonostante le condizioni difficili. \u00c8 schietto, cortese e un buon membro del team. Ha avuto alti e bassi, ma sta trovando il suo equilibrio.&#8221;<\/p>\n<p><strong>Evitare la Pressione di Essere il Compagno di Verstappen<\/strong>  <\/p>\n<p>Monaghan ha continuato elogiando Tsunoda: &#8220;Non ha timore di esprimere le sue opinioni, sa cosa vuole e cosa non gradisce, il che \u00e8 positivo. Fa parte del team ed \u00e8 un buon elemento. Sembra in grado di evitare la pressione di essere compagno di Verstappen, il che \u00e8 ottimo. Sono impressionato; ha le spalle larghe.&#8221;<\/p>\n","protected":false},"excerpt":{"rendered":"<p>Red Bull: Il Difficile Compito di Affiancare Verstappen Red Bull ha preso una decisione cruciale all&#8217;inizio della stagione, scegliendo di sostituire il giovane pilota Liam Lawson con il giapponese Yuki Tsunoda come nuovo compagno di squadra di Max Verstappen. Mentre Tsunoda cerca di affermarsi in un ambiente di alta pressione, Paul Monaghan, ingegnere capo del &#8230; <a title=\"F1 &#8211; Verstappen: Red Bull ha finalmente trovato la chiave del successo?\" class=\"read-more\" href=\"https:\/\/ildelitto.it\/it\/f1-verstappen-red-bull-ha-finalmente-trovato-la-chiave-del-successo\/\" aria-label=\"Per saperne di pi\u00f9 su F1 &#8211; Verstappen: Red Bull ha finalmente trovato la chiave del successo?\">Leggi tutto<\/a><\/p>\n","protected":false},"author":2,"featured_media":1313,"comment_status":"closed","ping_status":"","sticky":false,"template":"","format":"standard","meta":{"footnotes":""},"categories":[19],"tags":[],"class_list":["post-1312","post","type-post","status-publish","format-standard","has-post-thumbnail","hentry","category-formula-1"],"yoast_head":"<!-- This site is optimized with the Yoast SEO plugin v25.9 - https:\/\/yoast.com\/wordpress\/plugins\/seo\/ -->\n<title>F1 - Verstappen: Red Bull ha finalmente trovato la chiave del successo?<\/title>\n<meta name=\"robots\" content=\"index, follow, max-snippet:-1, max-image-preview:large, max-video-preview:-1\" \/>\n<link rel=\"canonical\" href=\"https:\/\/ildelitto.it\/it\/f1-verstappen-red-bull-ha-finalmente-trovato-la-chiave-del-successo\/\" \/>\n<meta property=\"og:locale\" content=\"it_IT\" \/>\n<meta property=\"og:type\" content=\"article\" \/>\n<meta property=\"og:title\" content=\"F1 - Verstappen: Red Bull ha finalmente trovato la chiave del successo?\" \/>\n<meta property=\"og:description\" content=\"Red Bull: Il Difficile Compito di Affiancare Verstappen Red Bull ha preso una decisione cruciale all&#8217;inizio della stagione, scegliendo di sostituire il giovane pilota Liam Lawson con il giapponese Yuki Tsunoda come nuovo compagno di squadra di Max Verstappen. Mentre Tsunoda cerca di affermarsi in un ambiente di alta pressione, Paul Monaghan, ingegnere capo del ... Leggi tutto\" \/>\n<meta property=\"og:url\" content=\"https:\/\/ildelitto.it\/it\/f1-verstappen-red-bull-ha-finalmente-trovato-la-chiave-del-successo\/\" \/>\n<meta property=\"og:site_name\" content=\"Il delitto\" \/>\n<meta property=\"article:published_time\" content=\"2025-05-14T19:05:51+00:00\" \/>\n<meta property=\"og:image\" content=\"https:\/\/ildelitto.it\/wp-content\/uploads\/2025\/05\/ICONSPORT_257867_0339_f546df65f8.jpg\" \/>\n\t<meta property=\"og:image:width\" content=\"1200\" \/>\n\t<meta property=\"og:image:height\" content=\"675\" \/>\n\t<meta property=\"og:image:type\" content=\"image\/jpeg\" \/>\n<meta name=\"author\" content=\"Giovanni Esposito\" \/>\n<meta name=\"twitter:card\" content=\"summary_large_image\" \/>\n<meta name=\"twitter:label1\" content=\"Scritto da\" \/>\n\t<meta name=\"twitter:data1\" content=\"Giovanni Esposito\" \/>\n\t<meta name=\"twitter:label2\" content=\"Tempo di lettura stimato\" \/>\n\t<meta name=\"twitter:data2\" content=\"1 minuto\" \/>\n<script type=\"application\/ld+json\" class=\"yoast-schema-graph\">{\"@context\":\"https:\/\/schema.org\",\"@graph\":[{\"@type\":\"Article\",\"@id\":\"https:\/\/ildelitto.it\/it\/f1-verstappen-red-bull-ha-finalmente-trovato-la-chiave-del-successo\/#article\",\"isPartOf\":{\"@id\":\"https:\/\/ildelitto.it\/it\/f1-verstappen-red-bull-ha-finalmente-trovato-la-chiave-del-successo\/\"},\"author\":{\"name\":\"Giovanni Esposito\",\"@id\":\"https:\/\/ildelitto.it\/it\/#\/schema\/person\/4242404aeffdecdb73d8fffc614a02e9\"},\"headline\":\"F1 &#8211; Verstappen: Red Bull ha finalmente trovato la chiave del successo?\",\"datePublished\":\"2025-05-14T19:05:51+00:00\",\"mainEntityOfPage\":{\"@id\":\"https:\/\/ildelitto.it\/it\/f1-verstappen-red-bull-ha-finalmente-trovato-la-chiave-del-successo\/\"},\"wordCount\":214,\"publisher\":{\"@id\":\"https:\/\/ildelitto.it\/it\/#organization\"},\"image\":{\"@id\":\"https:\/\/ildelitto.it\/it\/f1-verstappen-red-bull-ha-finalmente-trovato-la-chiave-del-successo\/#primaryimage\"},\"thumbnailUrl\":\"https:\/\/ildelitto.it\/wp-content\/uploads\/2025\/05\/ICONSPORT_257867_0339_f546df65f8.jpg\",\"articleSection\":[\"formula 1\"],\"inLanguage\":\"it-IT\"},{\"@type\":\"WebPage\",\"@id\":\"https:\/\/ildelitto.it\/it\/f1-verstappen-red-bull-ha-finalmente-trovato-la-chiave-del-successo\/\",\"url\":\"https:\/\/ildelitto.it\/it\/f1-verstappen-red-bull-ha-finalmente-trovato-la-chiave-del-successo\/\",\"name\":\"F1 - Verstappen: Red Bull ha finalmente trovato la chiave del successo?\",\"isPartOf\":{\"@id\":\"https:\/\/ildelitto.it\/it\/#website\"},\"primaryImageOfPage\":{\"@id\":\"https:\/\/ildelitto.it\/it\/f1-verstappen-red-bull-ha-finalmente-trovato-la-chiave-del-successo\/#primaryimage\"},\"image\":{\"@id\":\"https:\/\/ildelitto.it\/it\/f1-verstappen-red-bull-ha-finalmente-trovato-la-chiave-del-successo\/#primaryimage\"},\"thumbnailUrl\":\"https:\/\/ildelitto.it\/wp-content\/uploads\/2025\/05\/ICONSPORT_257867_0339_f546df65f8.jpg\",\"datePublished\":\"2025-05-14T19:05:51+00:00\",\"breadcrumb\":{\"@id\":\"https:\/\/ildelitto.it\/it\/f1-verstappen-red-bull-ha-finalmente-trovato-la-chiave-del-successo\/#breadcrumb\"},\"inLanguage\":\"it-IT\",\"potentialAction\":[{\"@type\":\"ReadAction\",\"target\":[\"https:\/\/ildelitto.it\/it\/f1-verstappen-red-bull-ha-finalmente-trovato-la-chiave-del-successo\/\"]}]},{\"@type\":\"ImageObject\",\"inLanguage\":\"it-IT\",\"@id\":\"https:\/\/ildelitto.it\/it\/f1-verstappen-red-bull-ha-finalmente-trovato-la-chiave-del-successo\/#primaryimage\",\"url\":\"https:\/\/ildelitto.it\/wp-content\/uploads\/2025\/05\/ICONSPORT_257867_0339_f546df65f8.jpg\",\"contentUrl\":\"https:\/\/ildelitto.it\/wp-content\/uploads\/2025\/05\/ICONSPORT_257867_0339_f546df65f8.jpg\",\"width\":1200,\"height\":675,\"caption\":\"F1 - Verstappen: Red Bull ha finalmente trovato la chiave del successo?\"},{\"@type\":\"BreadcrumbList\",\"@id\":\"https:\/\/ildelitto.it\/it\/f1-verstappen-red-bull-ha-finalmente-trovato-la-chiave-del-successo\/#breadcrumb\",\"itemListElement\":[{\"@type\":\"ListItem\",\"position\":1,\"name\":\"Accueil\",\"item\":\"https:\/\/ildelitto.it\/it\/\"},{\"@type\":\"ListItem\",\"position\":2,\"name\":\"F1 &#8211; Verstappen: Red Bull ha finalmente trovato la chiave del successo?\"}]},{\"@type\":\"WebSite\",\"@id\":\"https:\/\/ildelitto.it\/it\/#website\",\"url\":\"https:\/\/ildelitto.it\/it\/\",\"name\":\"Il delitto\",\"description\":\"Il delitto\",\"publisher\":{\"@id\":\"https:\/\/ildelitto.it\/it\/#organization\"},\"potentialAction\":[{\"@type\":\"SearchAction\",\"target\":{\"@type\":\"EntryPoint\",\"urlTemplate\":\"https:\/\/ildelitto.it\/it\/?s={search_term_string}\"},\"query-input\":{\"@type\":\"PropertyValueSpecification\",\"valueRequired\":true,\"valueName\":\"search_term_string\"}}],\"inLanguage\":\"it-IT\"},{\"@type\":\"Organization\",\"@id\":\"https:\/\/ildelitto.it\/it\/#organization\",\"name\":\"Il delitto\",\"url\":\"https:\/\/ildelitto.it\/it\/\",\"logo\":{\"@type\":\"ImageObject\",\"inLanguage\":\"it-IT\",\"@id\":\"https:\/\/ildelitto.it\/it\/#\/schema\/logo\/image\/\",\"url\":\"https:\/\/ildelitto.it\/wp-content\/uploads\/2025\/04\/cropped-Logo2.png\",\"contentUrl\":\"https:\/\/ildelitto.it\/wp-content\/uploads\/2025\/04\/cropped-Logo2.png\",\"width\":563,\"height\":563,\"caption\":\"Il delitto\"},\"image\":{\"@id\":\"https:\/\/ildelitto.it\/it\/#\/schema\/logo\/image\/\"}},{\"@type\":\"Person\",\"@id\":\"https:\/\/ildelitto.it\/it\/#\/schema\/person\/4242404aeffdecdb73d8fffc614a02e9\",\"name\":\"Giovanni Esposito\",\"image\":{\"@type\":\"ImageObject\",\"inLanguage\":\"it-IT\",\"@id\":\"https:\/\/ildelitto.it\/it\/#\/schema\/person\/image\/\",\"url\":\"https:\/\/secure.gravatar.com\/avatar\/6de963d6af3d4d51c4edf701c56bd890ef51e65db1007518c84d2b6781b12db5?s=96&d=mm&r=g\",\"contentUrl\":\"https:\/\/secure.gravatar.com\/avatar\/6de963d6af3d4d51c4edf701c56bd890ef51e65db1007518c84d2b6781b12db5?s=96&d=mm&r=g\",\"caption\":\"Giovanni Esposito\"},\"description\":\"Mi chiamo Giovanni Esposito e sono reporter da oltre dodici anni per il giornale Il Delitto. Nel corso della mia carriera ho avuto l\u2019opportunit\u00e0 di coprire numerosi eventi e inchieste, spaziando dalla politica all\u2019economia, fino al mondo dello sport. La mia passione per il giornalismo nasce dalla voglia di raccontare i fatti con onest\u00e0 e precisione, portando alla luce storie che meritano di essere ascoltate. Ogni giorno cerco di dare voce a chi non ce l\u2019ha e di offrire ai lettori un\u2019informazione chiara, approfondita e imparziale.\",\"url\":\"https:\/\/ildelitto.it\/it\/author\/giovanni-esposito\/\"}]}<\/script>\n<!-- \/ Yoast SEO plugin. -->","yoast_head_json":{"title":"F1 - Verstappen: Red Bull ha finalmente trovato la chiave del successo?","robots":{"index":"index","follow":"follow","max-snippet":"max-snippet:-1","max-image-preview":"max-image-preview:large","max-video-preview":"max-video-preview:-1"},"canonical":"https:\/\/ildelitto.it\/it\/f1-verstappen-red-bull-ha-finalmente-trovato-la-chiave-del-successo\/","og_locale":"it_IT","og_type":"article","og_title":"F1 - Verstappen: Red Bull ha finalmente trovato la chiave del successo?","og_description":"Red Bull: Il Difficile Compito di Affiancare Verstappen Red Bull ha preso una decisione cruciale all&#8217;inizio della stagione, scegliendo di sostituire il giovane pilota Liam Lawson con il giapponese Yuki Tsunoda come nuovo compagno di squadra di Max Verstappen. Mentre Tsunoda cerca di affermarsi in un ambiente di alta pressione, Paul Monaghan, ingegnere capo del ... Leggi tutto","og_url":"https:\/\/ildelitto.it\/it\/f1-verstappen-red-bull-ha-finalmente-trovato-la-chiave-del-successo\/","og_site_name":"Il delitto","article_published_time":"2025-05-14T19:05:51+00:00","og_image":[{"width":1200,"height":675,"url":"https:\/\/ildelitto.it\/wp-content\/uploads\/2025\/05\/ICONSPORT_257867_0339_f546df65f8.jpg","type":"image\/jpeg"}],"author":"Giovanni Esposito","twitter_card":"summary_large_image","twitter_misc":{"Scritto da":"Giovanni Esposito","Tempo di lettura stimato":"1 minuto"},"schema":{"@context":"https:\/\/schema.org","@graph":[{"@type":"Article","@id":"https:\/\/ildelitto.it\/it\/f1-verstappen-red-bull-ha-finalmente-trovato-la-chiave-del-successo\/#article","isPartOf":{"@id":"https:\/\/ildelitto.it\/it\/f1-verstappen-red-bull-ha-finalmente-trovato-la-chiave-del-successo\/"},"author":{"name":"Giovanni Esposito","@id":"https:\/\/ildelitto.it\/it\/#\/schema\/person\/4242404aeffdecdb73d8fffc614a02e9"},"headline":"F1 &#8211; Verstappen: Red Bull ha finalmente trovato la chiave del successo?","datePublished":"2025-05-14T19:05:51+00:00","mainEntityOfPage":{"@id":"https:\/\/ildelitto.it\/it\/f1-verstappen-red-bull-ha-finalmente-trovato-la-chiave-del-successo\/"},"wordCount":214,"publisher":{"@id":"https:\/\/ildelitto.it\/it\/#organization"},"image":{"@id":"https:\/\/ildelitto.it\/it\/f1-verstappen-red-bull-ha-finalmente-trovato-la-chiave-del-successo\/#primaryimage"},"thumbnailUrl":"https:\/\/ildelitto.it\/wp-content\/uploads\/2025\/05\/ICONSPORT_257867_0339_f546df65f8.jpg","articleSection":["formula 1"],"inLanguage":"it-IT"},{"@type":"WebPage","@id":"https:\/\/ildelitto.it\/it\/f1-verstappen-red-bull-ha-finalmente-trovato-la-chiave-del-successo\/","url":"https:\/\/ildelitto.it\/it\/f1-verstappen-red-bull-ha-finalmente-trovato-la-chiave-del-successo\/","name":"F1 - Verstappen: Red Bull ha finalmente trovato la chiave del successo?","isPartOf":{"@id":"https:\/\/ildelitto.it\/it\/#website"},"primaryImageOfPage":{"@id":"https:\/\/ildelitto.it\/it\/f1-verstappen-red-bull-ha-finalmente-trovato-la-chiave-del-successo\/#primaryimage"},"image":{"@id":"https:\/\/ildelitto.it\/it\/f1-verstappen-red-bull-ha-finalmente-trovato-la-chiave-del-successo\/#primaryimage"},"thumbnailUrl":"https:\/\/ildelitto.it\/wp-content\/uploads\/2025\/05\/ICONSPORT_257867_0339_f546df65f8.jpg","datePublished":"2025-05-14T19:05:51+00:00","breadcrumb":{"@id":"https:\/\/ildelitto.it\/it\/f1-verstappen-red-bull-ha-finalmente-trovato-la-chiave-del-successo\/#breadcrumb"},"inLanguage":"it-IT","potentialAction":[{"@type":"ReadAction","target":["https:\/\/ildelitto.it\/it\/f1-verstappen-red-bull-ha-finalmente-trovato-la-chiave-del-successo\/"]}]},{"@type":"ImageObject","inLanguage":"it-IT","@id":"https:\/\/ildelitto.it\/it\/f1-verstappen-red-bull-ha-finalmente-trovato-la-chiave-del-successo\/#primaryimage","url":"https:\/\/ildelitto.it\/wp-content\/uploads\/2025\/05\/ICONSPORT_257867_0339_f546df65f8.jpg","contentUrl":"https:\/\/ildelitto.it\/wp-content\/uploads\/2025\/05\/ICONSPORT_257867_0339_f546df65f8.jpg","width":1200,"height":675,"caption":"F1 - Verstappen: Red Bull ha finalmente trovato la chiave del successo?"},{"@type":"BreadcrumbList","@id":"https:\/\/ildelitto.it\/it\/f1-verstappen-red-bull-ha-finalmente-trovato-la-chiave-del-successo\/#breadcrumb","itemListElement":[{"@type":"ListItem","position":1,"name":"Accueil","item":"https:\/\/ildelitto.it\/it\/"},{"@type":"ListItem","position":2,"name":"F1 &#8211; Verstappen: Red Bull ha finalmente trovato la chiave del successo?"}]},{"@type":"WebSite","@id":"https:\/\/ildelitto.it\/it\/#website","url":"https:\/\/ildelitto.it\/it\/","name":"Il delitto","description":"Il delitto","publisher":{"@id":"https:\/\/ildelitto.it\/it\/#organization"},"potentialAction":[{"@type":"SearchAction","target":{"@type":"EntryPoint","urlTemplate":"https:\/\/ildelitto.it\/it\/?s={search_term_string}"},"query-input":{"@type":"PropertyValueSpecification","valueRequired":true,"valueName":"search_term_string"}}],"inLanguage":"it-IT"},{"@type":"Organization","@id":"https:\/\/ildelitto.it\/it\/#organization","name":"Il delitto","url":"https:\/\/ildelitto.it\/it\/","logo":{"@type":"ImageObject","inLanguage":"it-IT","@id":"https:\/\/ildelitto.it\/it\/#\/schema\/logo\/image\/","url":"https:\/\/ildelitto.it\/wp-content\/uploads\/2025\/04\/cropped-Logo2.png","contentUrl":"https:\/\/ildelitto.it\/wp-content\/uploads\/2025\/04\/cropped-Logo2.png","width":563,"height":563,"caption":"Il delitto"},"image":{"@id":"https:\/\/ildelitto.it\/it\/#\/schema\/logo\/image\/"}},{"@type":"Person","@id":"https:\/\/ildelitto.it\/it\/#\/schema\/person\/4242404aeffdecdb73d8fffc614a02e9","name":"Giovanni Esposito","image":{"@type":"ImageObject","inLanguage":"it-IT","@id":"https:\/\/ildelitto.it\/it\/#\/schema\/person\/image\/","url":"https:\/\/secure.gravatar.com\/avatar\/6de963d6af3d4d51c4edf701c56bd890ef51e65db1007518c84d2b6781b12db5?s=96&d=mm&r=g","contentUrl":"https:\/\/secure.gravatar.com\/avatar\/6de963d6af3d4d51c4edf701c56bd890ef51e65db1007518c84d2b6781b12db5?s=96&d=mm&r=g","caption":"Giovanni Esposito"},"description":"Mi chiamo Giovanni Esposito e sono reporter da oltre dodici anni per il giornale Il Delitto. Nel corso della mia carriera ho avuto l\u2019opportunit\u00e0 di coprire numerosi eventi e inchieste, spaziando dalla politica all\u2019economia, fino al mondo dello sport. La mia passione per il giornalismo nasce dalla voglia di raccontare i fatti con onest\u00e0 e precisione, portando alla luce storie che meritano di essere ascoltate. Ogni giorno cerco di dare voce a chi non ce l\u2019ha e di offrire ai lettori un\u2019informazione chiara, approfondita e imparziale.","url":"https:\/\/ildelitto.it\/it\/author\/giovanni-esposito\/"}]}},"_links":{"self":[{"href":"https:\/\/ildelitto.it\/it\/wp-json\/wp\/v2\/posts\/1312","targetHints":{"allow":["GET"]}}],"collection":[{"href":"https:\/\/ildelitto.it\/it\/wp-json\/wp\/v2\/posts"}],"about":[{"href":"https:\/\/ildelitto.it\/it\/wp-json\/wp\/v2\/types\/post"}],"author":[{"embeddable":true,"href":"https:\/\/ildelitto.it\/it\/wp-json\/wp\/v2\/users\/2"}],"replies":[{"embeddable":true,"href":"https:\/\/ildelitto.it\/it\/wp-json\/wp\/v2\/comments?post=1312"}],"version-history":[{"count":1,"href":"https:\/\/ildelitto.it\/it\/wp-json\/wp\/v2\/posts\/1312\/revisions"}],"predecessor-version":[{"id":1314,"href":"https:\/\/ildelitto.it\/it\/wp-json\/wp\/v2\/posts\/1312\/revisions\/1314"}],"wp:featuredmedia":[{"embeddable":true,"href":"https:\/\/ildelitto.it\/it\/wp-json\/wp\/v2\/media\/1313"}],"wp:attachment":[{"href":"https:\/\/ildelitto.it\/it\/wp-json\/wp\/v2\/media?parent=1312"}],"wp:term":[{"taxonomy":"category","embeddable":true,"href":"https:\/\/ildelitto.it\/it\/wp-json\/wp\/v2\/categories?post=1312"},{"taxonomy":"post_tag","embeddable":true,"href":"https:\/\/ildelitto.it\/it\/wp-json\/wp\/v2\/tags?post=1312"}],"curies":[{"name":"wp","href":"https:\/\/api.w.org\/{rel}","templated":true}]}}