{"id":1240,"date":"2025-05-10T09:30:21","date_gmt":"2025-05-10T07:30:21","guid":{"rendered":"https:\/\/ildelitto.it\/it\/?p=1240"},"modified":"2025-05-10T09:30:21","modified_gmt":"2025-05-10T07:30:21","slug":"farfalle-in-rinnovamento-mariela-pashalieva-prende-le-redini-dopo-maccarani-focus-sulla-nuova-guida-bulgara-tra-successi-e-sfide-ereditate","status":"publish","type":"post","link":"https:\/\/ildelitto.it\/it\/farfalle-in-rinnovamento-mariela-pashalieva-prende-le-redini-dopo-maccarani-focus-sulla-nuova-guida-bulgara-tra-successi-e-sfide-ereditate\/","title":{"rendered":"Farfalle in Rinnovamento: Mariela Pashalieva Prende le Redini Dopo Maccarani. Focus sulla Nuova Guida Bulgara tra Successi e Sfide Ereditate."},"content":{"rendered":"<div id=\"ez-toc-container\" class=\"ez-toc-v2_0_76 counter-hierarchy ez-toc-counter ez-toc-grey ez-toc-container-direction\">\n<div class=\"ez-toc-title-container\">\n<p class=\"ez-toc-title\" style=\"cursor:inherit\">Contenuto della pagina<\/p>\n<span class=\"ez-toc-title-toggle\"><a href=\"#\" class=\"ez-toc-pull-right ez-toc-btn ez-toc-btn-xs ez-toc-btn-default ez-toc-toggle\" aria-label=\"Toggle Table of Content\"><span class=\"ez-toc-js-icon-con\"><span class=\"\"><span class=\"eztoc-hide\" style=\"display:none;\">Toggle<\/span><span class=\"ez-toc-icon-toggle-span\"><svg style=\"fill: #999;color:#999\" xmlns=\"http:\/\/www.w3.org\/2000\/svg\" class=\"list-377408\" width=\"20px\" height=\"20px\" viewBox=\"0 0 24 24\" fill=\"none\"><path d=\"M6 6H4v2h2V6zm14 0H8v2h12V6zM4 11h2v2H4v-2zm16 0H8v2h12v-2zM4 16h2v2H4v-2zm16 0H8v2h12v-2z\" fill=\"currentColor\"><\/path><\/svg><svg style=\"fill: #999;color:#999\" class=\"arrow-unsorted-368013\" xmlns=\"http:\/\/www.w3.org\/2000\/svg\" width=\"10px\" height=\"10px\" viewBox=\"0 0 24 24\" version=\"1.2\" baseProfile=\"tiny\"><path d=\"M18.2 9.3l-6.2-6.3-6.2 6.3c-.2.2-.3.4-.3.7s.1.5.3.7c.2.2.4.3.7.3h11c.3 0 .5-.1.7-.3.2-.2.3-.5.3-.7s-.1-.5-.3-.7zM5.8 14.7l6.2 6.3 6.2-6.3c.2-.2.3-.5.3-.7s-.1-.5-.3-.7c-.2-.2-.4-.3-.7-.3h-11c-.3 0-.5.1-.7.3-.2.2-.3.5-.3.7s.1.5.3.7z\"\/><\/svg><\/span><\/span><\/span><\/a><\/span><\/div>\n<nav><ul class='ez-toc-list ez-toc-list-level-1 ' ><li class='ez-toc-page-1 ez-toc-heading-level-2'><a class=\"ez-toc-link ez-toc-heading-1\" href=\"https:\/\/ildelitto.it\/it\/farfalle-in-rinnovamento-mariela-pashalieva-prende-le-redini-dopo-maccarani-focus-sulla-nuova-guida-bulgara-tra-successi-e-sfide-ereditate\/#Breve_introduzione\" >Breve introduzione<\/a><\/li><li class='ez-toc-page-1 ez-toc-heading-level-2'><a class=\"ez-toc-link ez-toc-heading-2\" href=\"https:\/\/ildelitto.it\/it\/farfalle-in-rinnovamento-mariela-pashalieva-prende-le-redini-dopo-maccarani-focus-sulla-nuova-guida-bulgara-tra-successi-e-sfide-ereditate\/#Chi_e_Mariela_Pashalieva_le_medaglie_sulla_pedana_e_la_sfida_italiana\" >Chi \u00e8 Mariela Pashalieva: le medaglie sulla pedana e la sfida italiana<\/a><\/li><li class='ez-toc-page-1 ez-toc-heading-level-2'><a class=\"ez-toc-link ez-toc-heading-3\" href=\"https:\/\/ildelitto.it\/it\/farfalle-in-rinnovamento-mariela-pashalieva-prende-le-redini-dopo-maccarani-focus-sulla-nuova-guida-bulgara-tra-successi-e-sfide-ereditate\/#Il_nuovo_corso_delle_Farfalle_italiane\" >Il nuovo corso delle Farfalle italiane<\/a><\/li><\/ul><\/nav><\/div>\n<h2><span class=\"ez-toc-section\" id=\"Breve_introduzione\"><\/span>Breve introduzione<span class=\"ez-toc-section-end\"><\/span><\/h2>\n<p>Un cambio di leadership segna una nuova era per la ginnastica ritmica italiana. Mariela Pashalieva, gi\u00e0 campionessa europea e membro dello staff tecnico della nazionale bulgara, \u00e8 pronta a prendere il comando delle Farfalle italiane, succedendo a Emanuela Maccarani in un momento particolare per lo sport azzurro.<\/p>\n<h2><span class=\"ez-toc-section\" id=\"Chi_e_Mariela_Pashalieva_le_medaglie_sulla_pedana_e_la_sfida_italiana\"><\/span>Chi \u00e8 Mariela Pashalieva: le medaglie sulla pedana e la sfida italiana<span class=\"ez-toc-section-end\"><\/span><\/h2>\n<p>Nata nel 1970, Mariela Pashalieva ha coltivato la sua carriera nella rinomata Cska di Sofia, distinguendosi per aver conquistato un oro europeo a Helsinki nel 1988. Fa parte di quella generazione dorata conosciuta come le &#8220;Golden Girls&#8221;, che hanno collezionato oltre 200 medaglie in 20 anni. Pi\u00f9 recentemente, nel 2021, ha contribuito alla vittoria di un&#8217;altra medaglia d&#8217;oro come parte dello staff tecnico della squadra bulgara. Descritta dalla Federazione Ginnastica d&#8217;Italia come un &#8220;profilo di grande esperienza internazionale&#8221;, Pashalieva sar\u00e0 al timone della squadra nazionale italiana di ginnastica ritmica, con lo sguardo gi\u00e0 puntato sui campionati europei di giugno in Estonia.<\/p>\n<h2><span class=\"ez-toc-section\" id=\"Il_nuovo_corso_delle_Farfalle_italiane\"><\/span>Il nuovo corso delle Farfalle italiane<span class=\"ez-toc-section-end\"><\/span><\/h2>\n<p>Dal 5 maggio, il grande pubblico italiano avr\u00e0 l&#8217;opportunit\u00e0 di conoscere meglio Mariela Pashalieva, quando il presidente ad interim di Federginnastica la presenter\u00e0 ufficialmente alle atlete alla loro Accademia di Desio, in Lombardia. Questo appuntamento segna l&#8217;inizio dell&#8217;era &#8220;post-Maccarani&#8221;, dopo che la precedente direttrice tecnica \u00e8 stata rimossa seguendo le accuse in un caso di maltrattamenti verso le ginnaste. Federazione e appassionati attendono ora di vedere come Pashalieva guider\u00e0 le Farfalle verso nuovi traguardi internazionali.<\/p>\n","protected":false},"excerpt":{"rendered":"<p>Breve introduzione Un cambio di leadership segna una nuova era per la ginnastica ritmica italiana. Mariela Pashalieva, gi\u00e0 campionessa europea e membro dello staff tecnico della nazionale bulgara, \u00e8 pronta a prendere il comando delle Farfalle italiane, succedendo a Emanuela Maccarani in un momento particolare per lo sport azzurro. Chi \u00e8 Mariela Pashalieva: le medaglie &#8230; <a title=\"Farfalle in Rinnovamento: Mariela Pashalieva Prende le Redini Dopo Maccarani. Focus sulla Nuova Guida Bulgara tra Successi e Sfide Ereditate.\" class=\"read-more\" href=\"https:\/\/ildelitto.it\/it\/farfalle-in-rinnovamento-mariela-pashalieva-prende-le-redini-dopo-maccarani-focus-sulla-nuova-guida-bulgara-tra-successi-e-sfide-ereditate\/\" aria-label=\"Per saperne di pi\u00f9 su Farfalle in Rinnovamento: Mariela Pashalieva Prende le Redini Dopo Maccarani. Focus sulla Nuova Guida Bulgara tra Successi e Sfide Ereditate.\">Leggi tutto<\/a><\/p>\n","protected":false},"author":2,"featured_media":1241,"comment_status":"closed","ping_status":"","sticky":false,"template":"","format":"standard","meta":{"footnotes":""},"categories":[12],"tags":[],"class_list":["post-1240","post","type-post","status-publish","format-standard","has-post-thumbnail","hentry","category-sports"],"yoast_head":"<!-- This site is optimized with the Yoast SEO plugin v25.9 - https:\/\/yoast.com\/wordpress\/plugins\/seo\/ -->\n<title>Farfalle in Rinnovamento: Mariela Pashalieva Prende le Redini Dopo Maccarani. Focus sulla Nuova Guida Bulgara tra Successi e Sfide Ereditate.<\/title>\n<meta name=\"robots\" content=\"index, follow, max-snippet:-1, max-image-preview:large, max-video-preview:-1\" \/>\n<link rel=\"canonical\" href=\"https:\/\/ildelitto.it\/it\/farfalle-in-rinnovamento-mariela-pashalieva-prende-le-redini-dopo-maccarani-focus-sulla-nuova-guida-bulgara-tra-successi-e-sfide-ereditate\/\" \/>\n<meta property=\"og:locale\" content=\"it_IT\" \/>\n<meta property=\"og:type\" content=\"article\" \/>\n<meta property=\"og:title\" content=\"Farfalle in Rinnovamento: Mariela Pashalieva Prende le Redini Dopo Maccarani. Focus sulla Nuova Guida Bulgara tra Successi e Sfide Ereditate.\" \/>\n<meta property=\"og:description\" content=\"Breve introduzione Un cambio di leadership segna una nuova era per la ginnastica ritmica italiana. Mariela Pashalieva, gi\u00e0 campionessa europea e membro dello staff tecnico della nazionale bulgara, \u00e8 pronta a prendere il comando delle Farfalle italiane, succedendo a Emanuela Maccarani in un momento particolare per lo sport azzurro. Chi \u00e8 Mariela Pashalieva: le medaglie ... Leggi tutto\" \/>\n<meta property=\"og:url\" content=\"https:\/\/ildelitto.it\/it\/farfalle-in-rinnovamento-mariela-pashalieva-prende-le-redini-dopo-maccarani-focus-sulla-nuova-guida-bulgara-tra-successi-e-sfide-ereditate\/\" \/>\n<meta property=\"og:site_name\" content=\"Il delitto\" \/>\n<meta property=\"article:published_time\" content=\"2025-05-10T07:30:21+00:00\" \/>\n<meta property=\"og:image\" content=\"https:\/\/ildelitto.it\/wp-content\/uploads\/2025\/05\/Farfalle-in-Rinnovamento-Mariela-Pashalieva-Prende-le-Redini-Dopo-Maccarani.-Focus-sulla-Nuova-Guida-Bulgara-tra-Successi-e-Sfide-Ereditate.jpg\" \/>\n\t<meta property=\"og:image:width\" content=\"1200\" \/>\n\t<meta property=\"og:image:height\" content=\"801\" \/>\n\t<meta property=\"og:image:type\" content=\"image\/jpeg\" \/>\n<meta name=\"author\" content=\"Giovanni Esposito\" \/>\n<meta name=\"twitter:card\" content=\"summary_large_image\" \/>\n<meta name=\"twitter:label1\" content=\"Scritto da\" \/>\n\t<meta name=\"twitter:data1\" content=\"Giovanni Esposito\" \/>\n\t<meta name=\"twitter:label2\" content=\"Tempo di lettura stimato\" \/>\n\t<meta name=\"twitter:data2\" content=\"1 minuto\" \/>\n<script type=\"application\/ld+json\" class=\"yoast-schema-graph\">{\"@context\":\"https:\/\/schema.org\",\"@graph\":[{\"@type\":\"Article\",\"@id\":\"https:\/\/ildelitto.it\/it\/farfalle-in-rinnovamento-mariela-pashalieva-prende-le-redini-dopo-maccarani-focus-sulla-nuova-guida-bulgara-tra-successi-e-sfide-ereditate\/#article\",\"isPartOf\":{\"@id\":\"https:\/\/ildelitto.it\/it\/farfalle-in-rinnovamento-mariela-pashalieva-prende-le-redini-dopo-maccarani-focus-sulla-nuova-guida-bulgara-tra-successi-e-sfide-ereditate\/\"},\"author\":{\"name\":\"Giovanni Esposito\",\"@id\":\"https:\/\/ildelitto.it\/it\/#\/schema\/person\/4242404aeffdecdb73d8fffc614a02e9\"},\"headline\":\"Farfalle in Rinnovamento: Mariela Pashalieva Prende le Redini Dopo Maccarani. Focus sulla Nuova Guida Bulgara tra Successi e Sfide Ereditate.\",\"datePublished\":\"2025-05-10T07:30:21+00:00\",\"mainEntityOfPage\":{\"@id\":\"https:\/\/ildelitto.it\/it\/farfalle-in-rinnovamento-mariela-pashalieva-prende-le-redini-dopo-maccarani-focus-sulla-nuova-guida-bulgara-tra-successi-e-sfide-ereditate\/\"},\"wordCount\":260,\"publisher\":{\"@id\":\"https:\/\/ildelitto.it\/it\/#organization\"},\"image\":{\"@id\":\"https:\/\/ildelitto.it\/it\/farfalle-in-rinnovamento-mariela-pashalieva-prende-le-redini-dopo-maccarani-focus-sulla-nuova-guida-bulgara-tra-successi-e-sfide-ereditate\/#primaryimage\"},\"thumbnailUrl\":\"https:\/\/ildelitto.it\/wp-content\/uploads\/2025\/05\/Farfalle-in-Rinnovamento-Mariela-Pashalieva-Prende-le-Redini-Dopo-Maccarani.-Focus-sulla-Nuova-Guida-Bulgara-tra-Successi-e-Sfide-Ereditate.jpg\",\"articleSection\":[\"Sports\"],\"inLanguage\":\"it-IT\"},{\"@type\":\"WebPage\",\"@id\":\"https:\/\/ildelitto.it\/it\/farfalle-in-rinnovamento-mariela-pashalieva-prende-le-redini-dopo-maccarani-focus-sulla-nuova-guida-bulgara-tra-successi-e-sfide-ereditate\/\",\"url\":\"https:\/\/ildelitto.it\/it\/farfalle-in-rinnovamento-mariela-pashalieva-prende-le-redini-dopo-maccarani-focus-sulla-nuova-guida-bulgara-tra-successi-e-sfide-ereditate\/\",\"name\":\"Farfalle in Rinnovamento: Mariela Pashalieva Prende le Redini Dopo Maccarani. Focus sulla Nuova Guida Bulgara tra Successi e Sfide Ereditate.\",\"isPartOf\":{\"@id\":\"https:\/\/ildelitto.it\/it\/#website\"},\"primaryImageOfPage\":{\"@id\":\"https:\/\/ildelitto.it\/it\/farfalle-in-rinnovamento-mariela-pashalieva-prende-le-redini-dopo-maccarani-focus-sulla-nuova-guida-bulgara-tra-successi-e-sfide-ereditate\/#primaryimage\"},\"image\":{\"@id\":\"https:\/\/ildelitto.it\/it\/farfalle-in-rinnovamento-mariela-pashalieva-prende-le-redini-dopo-maccarani-focus-sulla-nuova-guida-bulgara-tra-successi-e-sfide-ereditate\/#primaryimage\"},\"thumbnailUrl\":\"https:\/\/ildelitto.it\/wp-content\/uploads\/2025\/05\/Farfalle-in-Rinnovamento-Mariela-Pashalieva-Prende-le-Redini-Dopo-Maccarani.-Focus-sulla-Nuova-Guida-Bulgara-tra-Successi-e-Sfide-Ereditate.jpg\",\"datePublished\":\"2025-05-10T07:30:21+00:00\",\"breadcrumb\":{\"@id\":\"https:\/\/ildelitto.it\/it\/farfalle-in-rinnovamento-mariela-pashalieva-prende-le-redini-dopo-maccarani-focus-sulla-nuova-guida-bulgara-tra-successi-e-sfide-ereditate\/#breadcrumb\"},\"inLanguage\":\"it-IT\",\"potentialAction\":[{\"@type\":\"ReadAction\",\"target\":[\"https:\/\/ildelitto.it\/it\/farfalle-in-rinnovamento-mariela-pashalieva-prende-le-redini-dopo-maccarani-focus-sulla-nuova-guida-bulgara-tra-successi-e-sfide-ereditate\/\"]}]},{\"@type\":\"ImageObject\",\"inLanguage\":\"it-IT\",\"@id\":\"https:\/\/ildelitto.it\/it\/farfalle-in-rinnovamento-mariela-pashalieva-prende-le-redini-dopo-maccarani-focus-sulla-nuova-guida-bulgara-tra-successi-e-sfide-ereditate\/#primaryimage\",\"url\":\"https:\/\/ildelitto.it\/wp-content\/uploads\/2025\/05\/Farfalle-in-Rinnovamento-Mariela-Pashalieva-Prende-le-Redini-Dopo-Maccarani.-Focus-sulla-Nuova-Guida-Bulgara-tra-Successi-e-Sfide-Ereditate.jpg\",\"contentUrl\":\"https:\/\/ildelitto.it\/wp-content\/uploads\/2025\/05\/Farfalle-in-Rinnovamento-Mariela-Pashalieva-Prende-le-Redini-Dopo-Maccarani.-Focus-sulla-Nuova-Guida-Bulgara-tra-Successi-e-Sfide-Ereditate.jpg\",\"width\":1200,\"height\":801,\"caption\":\"Farfalle in Rinnovamento: Mariela Pashalieva Prende le Redini Dopo Maccarani. Focus sulla Nuova Guida Bulgara tra Successi e Sfide Ereditate.\"},{\"@type\":\"BreadcrumbList\",\"@id\":\"https:\/\/ildelitto.it\/it\/farfalle-in-rinnovamento-mariela-pashalieva-prende-le-redini-dopo-maccarani-focus-sulla-nuova-guida-bulgara-tra-successi-e-sfide-ereditate\/#breadcrumb\",\"itemListElement\":[{\"@type\":\"ListItem\",\"position\":1,\"name\":\"Accueil\",\"item\":\"https:\/\/ildelitto.it\/it\/\"},{\"@type\":\"ListItem\",\"position\":2,\"name\":\"Farfalle in Rinnovamento: Mariela Pashalieva Prende le Redini Dopo Maccarani. Focus sulla Nuova Guida Bulgara tra Successi e Sfide Ereditate.\"}]},{\"@type\":\"WebSite\",\"@id\":\"https:\/\/ildelitto.it\/it\/#website\",\"url\":\"https:\/\/ildelitto.it\/it\/\",\"name\":\"Il delitto\",\"description\":\"Il delitto\",\"publisher\":{\"@id\":\"https:\/\/ildelitto.it\/it\/#organization\"},\"potentialAction\":[{\"@type\":\"SearchAction\",\"target\":{\"@type\":\"EntryPoint\",\"urlTemplate\":\"https:\/\/ildelitto.it\/it\/?s={search_term_string}\"},\"query-input\":{\"@type\":\"PropertyValueSpecification\",\"valueRequired\":true,\"valueName\":\"search_term_string\"}}],\"inLanguage\":\"it-IT\"},{\"@type\":\"Organization\",\"@id\":\"https:\/\/ildelitto.it\/it\/#organization\",\"name\":\"Il delitto\",\"url\":\"https:\/\/ildelitto.it\/it\/\",\"logo\":{\"@type\":\"ImageObject\",\"inLanguage\":\"it-IT\",\"@id\":\"https:\/\/ildelitto.it\/it\/#\/schema\/logo\/image\/\",\"url\":\"https:\/\/ildelitto.it\/wp-content\/uploads\/2025\/04\/cropped-Logo2.png\",\"contentUrl\":\"https:\/\/ildelitto.it\/wp-content\/uploads\/2025\/04\/cropped-Logo2.png\",\"width\":563,\"height\":563,\"caption\":\"Il delitto\"},\"image\":{\"@id\":\"https:\/\/ildelitto.it\/it\/#\/schema\/logo\/image\/\"}},{\"@type\":\"Person\",\"@id\":\"https:\/\/ildelitto.it\/it\/#\/schema\/person\/4242404aeffdecdb73d8fffc614a02e9\",\"name\":\"Giovanni Esposito\",\"image\":{\"@type\":\"ImageObject\",\"inLanguage\":\"it-IT\",\"@id\":\"https:\/\/ildelitto.it\/it\/#\/schema\/person\/image\/\",\"url\":\"https:\/\/secure.gravatar.com\/avatar\/6de963d6af3d4d51c4edf701c56bd890ef51e65db1007518c84d2b6781b12db5?s=96&d=mm&r=g\",\"contentUrl\":\"https:\/\/secure.gravatar.com\/avatar\/6de963d6af3d4d51c4edf701c56bd890ef51e65db1007518c84d2b6781b12db5?s=96&d=mm&r=g\",\"caption\":\"Giovanni Esposito\"},\"description\":\"Mi chiamo Giovanni Esposito e sono reporter da oltre dodici anni per il giornale Il Delitto. Nel corso della mia carriera ho avuto l\u2019opportunit\u00e0 di coprire numerosi eventi e inchieste, spaziando dalla politica all\u2019economia, fino al mondo dello sport. La mia passione per il giornalismo nasce dalla voglia di raccontare i fatti con onest\u00e0 e precisione, portando alla luce storie che meritano di essere ascoltate. Ogni giorno cerco di dare voce a chi non ce l\u2019ha e di offrire ai lettori un\u2019informazione chiara, approfondita e imparziale.\",\"url\":\"https:\/\/ildelitto.it\/it\/author\/giovanni-esposito\/\"}]}<\/script>\n<!-- \/ Yoast SEO plugin. -->","yoast_head_json":{"title":"Farfalle in Rinnovamento: Mariela Pashalieva Prende le Redini Dopo Maccarani. Focus sulla Nuova Guida Bulgara tra Successi e Sfide Ereditate.","robots":{"index":"index","follow":"follow","max-snippet":"max-snippet:-1","max-image-preview":"max-image-preview:large","max-video-preview":"max-video-preview:-1"},"canonical":"https:\/\/ildelitto.it\/it\/farfalle-in-rinnovamento-mariela-pashalieva-prende-le-redini-dopo-maccarani-focus-sulla-nuova-guida-bulgara-tra-successi-e-sfide-ereditate\/","og_locale":"it_IT","og_type":"article","og_title":"Farfalle in Rinnovamento: Mariela Pashalieva Prende le Redini Dopo Maccarani. Focus sulla Nuova Guida Bulgara tra Successi e Sfide Ereditate.","og_description":"Breve introduzione Un cambio di leadership segna una nuova era per la ginnastica ritmica italiana. Mariela Pashalieva, gi\u00e0 campionessa europea e membro dello staff tecnico della nazionale bulgara, \u00e8 pronta a prendere il comando delle Farfalle italiane, succedendo a Emanuela Maccarani in un momento particolare per lo sport azzurro. Chi \u00e8 Mariela Pashalieva: le medaglie ... Leggi tutto","og_url":"https:\/\/ildelitto.it\/it\/farfalle-in-rinnovamento-mariela-pashalieva-prende-le-redini-dopo-maccarani-focus-sulla-nuova-guida-bulgara-tra-successi-e-sfide-ereditate\/","og_site_name":"Il delitto","article_published_time":"2025-05-10T07:30:21+00:00","og_image":[{"width":1200,"height":801,"url":"https:\/\/ildelitto.it\/wp-content\/uploads\/2025\/05\/Farfalle-in-Rinnovamento-Mariela-Pashalieva-Prende-le-Redini-Dopo-Maccarani.-Focus-sulla-Nuova-Guida-Bulgara-tra-Successi-e-Sfide-Ereditate.jpg","type":"image\/jpeg"}],"author":"Giovanni Esposito","twitter_card":"summary_large_image","twitter_misc":{"Scritto da":"Giovanni Esposito","Tempo di lettura stimato":"1 minuto"},"schema":{"@context":"https:\/\/schema.org","@graph":[{"@type":"Article","@id":"https:\/\/ildelitto.it\/it\/farfalle-in-rinnovamento-mariela-pashalieva-prende-le-redini-dopo-maccarani-focus-sulla-nuova-guida-bulgara-tra-successi-e-sfide-ereditate\/#article","isPartOf":{"@id":"https:\/\/ildelitto.it\/it\/farfalle-in-rinnovamento-mariela-pashalieva-prende-le-redini-dopo-maccarani-focus-sulla-nuova-guida-bulgara-tra-successi-e-sfide-ereditate\/"},"author":{"name":"Giovanni Esposito","@id":"https:\/\/ildelitto.it\/it\/#\/schema\/person\/4242404aeffdecdb73d8fffc614a02e9"},"headline":"Farfalle in Rinnovamento: Mariela Pashalieva Prende le Redini Dopo Maccarani. Focus sulla Nuova Guida Bulgara tra Successi e Sfide Ereditate.","datePublished":"2025-05-10T07:30:21+00:00","mainEntityOfPage":{"@id":"https:\/\/ildelitto.it\/it\/farfalle-in-rinnovamento-mariela-pashalieva-prende-le-redini-dopo-maccarani-focus-sulla-nuova-guida-bulgara-tra-successi-e-sfide-ereditate\/"},"wordCount":260,"publisher":{"@id":"https:\/\/ildelitto.it\/it\/#organization"},"image":{"@id":"https:\/\/ildelitto.it\/it\/farfalle-in-rinnovamento-mariela-pashalieva-prende-le-redini-dopo-maccarani-focus-sulla-nuova-guida-bulgara-tra-successi-e-sfide-ereditate\/#primaryimage"},"thumbnailUrl":"https:\/\/ildelitto.it\/wp-content\/uploads\/2025\/05\/Farfalle-in-Rinnovamento-Mariela-Pashalieva-Prende-le-Redini-Dopo-Maccarani.-Focus-sulla-Nuova-Guida-Bulgara-tra-Successi-e-Sfide-Ereditate.jpg","articleSection":["Sports"],"inLanguage":"it-IT"},{"@type":"WebPage","@id":"https:\/\/ildelitto.it\/it\/farfalle-in-rinnovamento-mariela-pashalieva-prende-le-redini-dopo-maccarani-focus-sulla-nuova-guida-bulgara-tra-successi-e-sfide-ereditate\/","url":"https:\/\/ildelitto.it\/it\/farfalle-in-rinnovamento-mariela-pashalieva-prende-le-redini-dopo-maccarani-focus-sulla-nuova-guida-bulgara-tra-successi-e-sfide-ereditate\/","name":"Farfalle in Rinnovamento: Mariela Pashalieva Prende le Redini Dopo Maccarani. Focus sulla Nuova Guida Bulgara tra Successi e Sfide Ereditate.","isPartOf":{"@id":"https:\/\/ildelitto.it\/it\/#website"},"primaryImageOfPage":{"@id":"https:\/\/ildelitto.it\/it\/farfalle-in-rinnovamento-mariela-pashalieva-prende-le-redini-dopo-maccarani-focus-sulla-nuova-guida-bulgara-tra-successi-e-sfide-ereditate\/#primaryimage"},"image":{"@id":"https:\/\/ildelitto.it\/it\/farfalle-in-rinnovamento-mariela-pashalieva-prende-le-redini-dopo-maccarani-focus-sulla-nuova-guida-bulgara-tra-successi-e-sfide-ereditate\/#primaryimage"},"thumbnailUrl":"https:\/\/ildelitto.it\/wp-content\/uploads\/2025\/05\/Farfalle-in-Rinnovamento-Mariela-Pashalieva-Prende-le-Redini-Dopo-Maccarani.-Focus-sulla-Nuova-Guida-Bulgara-tra-Successi-e-Sfide-Ereditate.jpg","datePublished":"2025-05-10T07:30:21+00:00","breadcrumb":{"@id":"https:\/\/ildelitto.it\/it\/farfalle-in-rinnovamento-mariela-pashalieva-prende-le-redini-dopo-maccarani-focus-sulla-nuova-guida-bulgara-tra-successi-e-sfide-ereditate\/#breadcrumb"},"inLanguage":"it-IT","potentialAction":[{"@type":"ReadAction","target":["https:\/\/ildelitto.it\/it\/farfalle-in-rinnovamento-mariela-pashalieva-prende-le-redini-dopo-maccarani-focus-sulla-nuova-guida-bulgara-tra-successi-e-sfide-ereditate\/"]}]},{"@type":"ImageObject","inLanguage":"it-IT","@id":"https:\/\/ildelitto.it\/it\/farfalle-in-rinnovamento-mariela-pashalieva-prende-le-redini-dopo-maccarani-focus-sulla-nuova-guida-bulgara-tra-successi-e-sfide-ereditate\/#primaryimage","url":"https:\/\/ildelitto.it\/wp-content\/uploads\/2025\/05\/Farfalle-in-Rinnovamento-Mariela-Pashalieva-Prende-le-Redini-Dopo-Maccarani.-Focus-sulla-Nuova-Guida-Bulgara-tra-Successi-e-Sfide-Ereditate.jpg","contentUrl":"https:\/\/ildelitto.it\/wp-content\/uploads\/2025\/05\/Farfalle-in-Rinnovamento-Mariela-Pashalieva-Prende-le-Redini-Dopo-Maccarani.-Focus-sulla-Nuova-Guida-Bulgara-tra-Successi-e-Sfide-Ereditate.jpg","width":1200,"height":801,"caption":"Farfalle in Rinnovamento: Mariela Pashalieva Prende le Redini Dopo Maccarani. Focus sulla Nuova Guida Bulgara tra Successi e Sfide Ereditate."},{"@type":"BreadcrumbList","@id":"https:\/\/ildelitto.it\/it\/farfalle-in-rinnovamento-mariela-pashalieva-prende-le-redini-dopo-maccarani-focus-sulla-nuova-guida-bulgara-tra-successi-e-sfide-ereditate\/#breadcrumb","itemListElement":[{"@type":"ListItem","position":1,"name":"Accueil","item":"https:\/\/ildelitto.it\/it\/"},{"@type":"ListItem","position":2,"name":"Farfalle in Rinnovamento: Mariela Pashalieva Prende le Redini Dopo Maccarani. Focus sulla Nuova Guida Bulgara tra Successi e Sfide Ereditate."}]},{"@type":"WebSite","@id":"https:\/\/ildelitto.it\/it\/#website","url":"https:\/\/ildelitto.it\/it\/","name":"Il delitto","description":"Il delitto","publisher":{"@id":"https:\/\/ildelitto.it\/it\/#organization"},"potentialAction":[{"@type":"SearchAction","target":{"@type":"EntryPoint","urlTemplate":"https:\/\/ildelitto.it\/it\/?s={search_term_string}"},"query-input":{"@type":"PropertyValueSpecification","valueRequired":true,"valueName":"search_term_string"}}],"inLanguage":"it-IT"},{"@type":"Organization","@id":"https:\/\/ildelitto.it\/it\/#organization","name":"Il delitto","url":"https:\/\/ildelitto.it\/it\/","logo":{"@type":"ImageObject","inLanguage":"it-IT","@id":"https:\/\/ildelitto.it\/it\/#\/schema\/logo\/image\/","url":"https:\/\/ildelitto.it\/wp-content\/uploads\/2025\/04\/cropped-Logo2.png","contentUrl":"https:\/\/ildelitto.it\/wp-content\/uploads\/2025\/04\/cropped-Logo2.png","width":563,"height":563,"caption":"Il delitto"},"image":{"@id":"https:\/\/ildelitto.it\/it\/#\/schema\/logo\/image\/"}},{"@type":"Person","@id":"https:\/\/ildelitto.it\/it\/#\/schema\/person\/4242404aeffdecdb73d8fffc614a02e9","name":"Giovanni Esposito","image":{"@type":"ImageObject","inLanguage":"it-IT","@id":"https:\/\/ildelitto.it\/it\/#\/schema\/person\/image\/","url":"https:\/\/secure.gravatar.com\/avatar\/6de963d6af3d4d51c4edf701c56bd890ef51e65db1007518c84d2b6781b12db5?s=96&d=mm&r=g","contentUrl":"https:\/\/secure.gravatar.com\/avatar\/6de963d6af3d4d51c4edf701c56bd890ef51e65db1007518c84d2b6781b12db5?s=96&d=mm&r=g","caption":"Giovanni Esposito"},"description":"Mi chiamo Giovanni Esposito e sono reporter da oltre dodici anni per il giornale Il Delitto. Nel corso della mia carriera ho avuto l\u2019opportunit\u00e0 di coprire numerosi eventi e inchieste, spaziando dalla politica all\u2019economia, fino al mondo dello sport. La mia passione per il giornalismo nasce dalla voglia di raccontare i fatti con onest\u00e0 e precisione, portando alla luce storie che meritano di essere ascoltate. Ogni giorno cerco di dare voce a chi non ce l\u2019ha e di offrire ai lettori un\u2019informazione chiara, approfondita e imparziale.","url":"https:\/\/ildelitto.it\/it\/author\/giovanni-esposito\/"}]}},"_links":{"self":[{"href":"https:\/\/ildelitto.it\/it\/wp-json\/wp\/v2\/posts\/1240","targetHints":{"allow":["GET"]}}],"collection":[{"href":"https:\/\/ildelitto.it\/it\/wp-json\/wp\/v2\/posts"}],"about":[{"href":"https:\/\/ildelitto.it\/it\/wp-json\/wp\/v2\/types\/post"}],"author":[{"embeddable":true,"href":"https:\/\/ildelitto.it\/it\/wp-json\/wp\/v2\/users\/2"}],"replies":[{"embeddable":true,"href":"https:\/\/ildelitto.it\/it\/wp-json\/wp\/v2\/comments?post=1240"}],"version-history":[{"count":1,"href":"https:\/\/ildelitto.it\/it\/wp-json\/wp\/v2\/posts\/1240\/revisions"}],"predecessor-version":[{"id":1242,"href":"https:\/\/ildelitto.it\/it\/wp-json\/wp\/v2\/posts\/1240\/revisions\/1242"}],"wp:featuredmedia":[{"embeddable":true,"href":"https:\/\/ildelitto.it\/it\/wp-json\/wp\/v2\/media\/1241"}],"wp:attachment":[{"href":"https:\/\/ildelitto.it\/it\/wp-json\/wp\/v2\/media?parent=1240"}],"wp:term":[{"taxonomy":"category","embeddable":true,"href":"https:\/\/ildelitto.it\/it\/wp-json\/wp\/v2\/categories?post=1240"},{"taxonomy":"post_tag","embeddable":true,"href":"https:\/\/ildelitto.it\/it\/wp-json\/wp\/v2\/tags?post=1240"}],"curies":[{"name":"wp","href":"https:\/\/api.w.org\/{rel}","templated":true}]}}